{"id":1087,"date":"2022-03-14T20:03:00","date_gmt":"2022-03-14T20:03:00","guid":{"rendered":"https:\/\/udcas.pt\/site\/2021\/11\/30\/taca-mundo-kempo-2\/"},"modified":"2022-04-07T22:23:27","modified_gmt":"2022-04-07T22:23:27","slug":"wac_2022","status":"publish","type":"post","link":"https:\/\/udcas.pt\/site\/2022\/03\/14\/wac_2022\/","title":{"rendered":"WAC 2022"},"content":{"rendered":"<!--themify_builder_content-->\n<div id=\"themify_builder_content-1087\" data-postid=\"1087\" class=\"themify_builder_content themify_builder_content-1087 themify_builder tf_clear\">\n    \t\t\t<!-- module_row -->\n\t<div  data-lazy=\"1\" class=\"module_row themify_builder_row tb_as4w911 tb_first tf_w tf_clearfix\">\n\t    \t\t\t<div class=\"row_inner col_align_top tb_col_count_2 tf_box tf_rel\">\n\t\t            <div  data-lazy=\"1\" class=\"module_column tb-column col3-2 tb_3smw911 first\">\n                                                        <div class=\"tb-column-inner tf_box tf_w\">\n                        <!-- module image -->\n<div  class=\"module module-image tb_33ot912   image-top auto_fullwidth tf_mw\" data-lazy=\"1\">\n        <div class=\"image-wrap tf_rel tf_mw\">\n\t\t    <img loading=\"lazy\" decoding=\"async\" width=\"810\" height=\"540\" src=\"https:\/\/udcas.pt\/site\/wp-content\/uploads\/2023\/11\/kempo_wac_032022.jpg\" class=\"wp-post-image wp-image-1094\" title=\"kempo_wac_032022\" alt=\"kempo_wac_032022\" srcset=\"https:\/\/udcas.pt\/site\/wp-content\/uploads\/2023\/11\/kempo_wac_032022.jpg 810w, https:\/\/udcas.pt\/site\/wp-content\/uploads\/2023\/11\/kempo_wac_032022-300x200.jpg 300w, https:\/\/udcas.pt\/site\/wp-content\/uploads\/2023\/11\/kempo_wac_032022-768x512.jpg 768w, https:\/\/udcas.pt\/site\/wp-content\/uploads\/2023\/11\/kempo_wac_032022-391x260.jpg 391w\" sizes=\"auto, (max-width: 810px) 100vw, 810px\" \/>\t\n\t\t<\/div>\n\t<!-- \/image-wrap -->\n    \n    \t<\/div>\n<!-- \/module image -->                    <\/div><!-- .tb-column-inner -->\n                            <\/div><!-- .module_column -->\n                        <div  data-lazy=\"1\" class=\"module_column tb-column col3-1 tb_7tic912 last\">\n                                                        <div class=\"tb-column-inner tf_box tf_w\">\n                        <!-- module widget -->\n<div  class=\"module module-widget tb_vb2h913  \" data-lazy=\"1\">\n\t\n\t\t<div class=\"widget widget_recent_entries\">\n\t\t<h2 class=\"widgettitle\">\u00daltimas Not\u00edcias<\/h2>\n\t\t<ul>\n\t\t\t\t\t\t\t\t\t\t\t<li>\n\t\t\t\t\t<a href=\"https:\/\/udcas.pt\/site\/2026\/04\/29\/capt_futsal-20262027\/\">Capta\u00e7\u00f5es FUTSAL 2026-2027<\/a>\n\t\t\t\t\t\t\t\t\t\t\t<span class=\"post-date\">2026-04-29<\/span>\n\t\t\t\t\t\t\t\t\t<\/li>\n\t\t\t\t\t\t\t\t\t\t\t<li>\n\t\t\t\t\t<a href=\"https:\/\/udcas.pt\/site\/2026\/04\/28\/alugcampoepav-20262027\/\">Aluguer de Pavilh\u00e3o e Campo<\/a>\n\t\t\t\t\t\t\t\t\t\t\t<span class=\"post-date\">2026-04-28<\/span>\n\t\t\t\t\t\t\t\t\t<\/li>\n\t\t\t\t\t\t\t\t\t\t\t<li>\n\t\t\t\t\t<a href=\"https:\/\/udcas.pt\/site\/2022\/03\/14\/wac_2022\/\">WAC 2022<\/a>\n\t\t\t\t\t\t\t\t\t\t\t<span class=\"post-date\">2022-03-14<\/span>\n\t\t\t\t\t\t\t\t\t<\/li>\n\t\t\t\t\t<\/ul>\n\n\t\t<\/div><\/div>\n<!-- \/module widget -->\n                    <\/div><!-- .tb-column-inner -->\n                            <\/div><!-- .module_column -->\n            \t    <\/div><!-- .row_inner -->\n\t<\/div><!-- .module_row -->\n\t\t\t\t<!-- module_row -->\n\t<div  data-lazy=\"1\" class=\"module_row themify_builder_row tb_8k6n52 tf_w tf_clearfix\">\n\t    \t\t\t<div class=\"row_inner col_align_top tb_col_count_1 tf_box tf_rel\">\n\t\t            <div  data-lazy=\"1\" class=\"module_column tb-column col-full tb_hh1353 first\">\n                                                        <div class=\"tb-column-inner tf_box tf_w\">\n                        <!-- module text -->\n<div  class=\"module module-text tb_krjb53   \" data-lazy=\"1\">\n        <div  class=\"tb_text_wrap\">\n    <p>No passado dia 10, 11, 12 e 13 de Mar\u00e7o realizou-se o World All Styles Championship (WAC), nas Caldas da Rainha \u2013 Expoeste, organizado pela Federa\u00e7\u00e3o Portuguesa Lohan Tao Kempo. O Campeonato contou com 2563 atletas de 31 pa\u00edses, uma excelente participa\u00e7\u00e3o ao fim de 2 anos de interrup\u00e7\u00e3o.<\/p>    <\/div>\n<\/div>\n<!-- \/module text --><!-- module text -->\n<div  class=\"module module-text tb_tgbj917   \" data-lazy=\"1\">\n        <div  class=\"tb_text_wrap\">\n    <p>A Uni\u00e3o Desportiva e Cultural da Aldeia do Sobralinho esteve presente com 35 atletas, dos v\u00e1rios escal\u00f5es de idades, desde o escal\u00e3o 4\/5 anos at\u00e9 41\/50. Os atletas participaram nas v\u00e1rias vertentes de prova, passaram pelo Kempo Tradicional e Kempo Desportivo n\u00e3o deixando de participar em Full Kempo e Submiss\u00e3o, pertencendo estas ao IKF (International Kempo Federation).<\/p>    <\/div>\n<\/div>\n<!-- \/module text --><!-- module text -->\n<div  class=\"module module-text tb_lzi5116   \" data-lazy=\"1\">\n        <div  class=\"tb_text_wrap\">\n    <p>\u00a0<span class=\"fontstyle0\">No total dos 4 dias, foram conquistadas 14 medalhas de ouro, 13 medalhas de prata e 30 medalhas de bronze, fazendo um total de 57 medalhas conseguidas!<\/span><\/p>    <\/div>\n<\/div>\n<!-- \/module text --><!-- module text -->\n<div  class=\"module module-text tb_84bf822   \" data-lazy=\"1\">\n        <div  class=\"tb_text_wrap\">\n    <p>\u00a0<span class=\"fontstyle0\">Este sucesso \u00e9 devido ao Treinadores Sigung Nuno Grilo, \u00e0 Treinadora Sibak Carolina Fonseca e Treinadora\u00a0 Estagi\u00e1ria \u00c9rica Aleixo sempre com a ajuda e participa\u00e7\u00e3o da Treinadora Beatriz Marques e Treinador Estagi\u00e1rio Afonso Ribeiro.<\/span><\/p>    <\/div>\n<\/div>\n<!-- \/module text --><!-- module text -->\n<div  class=\"module module-text tb_tfdx590   \" data-lazy=\"1\">\n        <div  class=\"tb_text_wrap\">\n    <p><span class=\"fontstyle0\">Um especial agradecimento ao executivo da Junta de Freguesia de Alverca do Ribatejo e Sobralinho, pela pessoa do seu Presidente Cl\u00e1udio Lotra, por todo o apoio prestado neste campeonato mundial , em que tudo fizemos para honrar a nossa freguesia.<\/span><\/p>    <\/div>\n<\/div>\n<!-- \/module text -->                    <\/div><!-- .tb-column-inner -->\n                            <\/div><!-- .module_column -->\n            \t    <\/div><!-- .row_inner -->\n\t<\/div><!-- .module_row -->\n\t\t\t\t<!-- module_row -->\n\t<div  data-lazy=\"1\" class=\"module_row themify_builder_row tb_23m4568 tf_w tf_clearfix\">\n\t    \t\t\t<div class=\"row_inner col_align_top tb_col_count_1 tf_box tf_rel\">\n\t\t            <div  data-lazy=\"1\" class=\"module_column tb-column col-full tb_wrlr569 first\">\n                                                        <div class=\"tb-column-inner tf_box tf_w\">\n                        <!-- module video -->\n<div  class=\"module module-video tb_9tzp632 video-overlay  \" data-lazy=\"1\">\n    \t\t\t\t<div class=\"video-wrap-outer\" style=\"max-width:750px;\">\n\t\t\t<div class=\"video-wrap tf_rel tf_overflow tf_local_video\">\n\t\t\t\t\t\t\t\t\t\t\t\t\t\t<a class=\"wp-embedded-video\" href=\"https:\/\/udcas.pt\/site\/wp-content\/uploads\/2022\/03\/WAC_Video_2022.mov\">https:\/\/udcas.pt\/site\/wp-content\/uploads\/2022\/03\/WAC_Video_2022.mov<\/a>\t\t\t\t\t\t\t\t\t\t\t\t\t<\/div>\n\t\t\t<!-- \/video-wrap -->\n\t\t<\/div>\n\t\t<!-- \/video-wrap-outer -->\n\t\t\t<\/div>\n                    <\/div><!-- .tb-column-inner -->\n                            <\/div><!-- .module_column -->\n            \t    <\/div><!-- .row_inner -->\n\t<\/div><!-- .module_row -->\n\t<\/div>\n<!--\/themify_builder_content-->","protected":false},"excerpt":{"rendered":"<p>No passado dia 10, 11, 12 e 13 de Mar\u00e7o realizou-se o World All Styles Championship (WAC), nas Caldas da Rainha<\/p>\n","protected":false},"author":1,"featured_media":1107,"comment_status":"closed","ping_status":"closed","sticky":false,"template":"","format":"standard","meta":{"_uag_custom_page_level_css":"","footnotes":""},"categories":[13],"tags":[],"class_list":["post-1087","post","type-post","status-publish","format-standard","has-post-thumbnail","hentry","category-desporto","has-post-title","has-post-date","has-post-category","has-post-tag","has-post-comment","has-post-author",""],"uagb_featured_image_src":{"full":["https:\/\/udcas.pt\/site\/wp-content\/uploads\/2023\/11\/wac2022.jpg",600,848,false],"thumbnail":["https:\/\/udcas.pt\/site\/wp-content\/uploads\/2023\/11\/wac2022-150x150.jpg",150,150,true],"medium":["https:\/\/udcas.pt\/site\/wp-content\/uploads\/2023\/11\/wac2022-212x300.jpg",212,300,true],"medium_large":["https:\/\/udcas.pt\/site\/wp-content\/uploads\/2023\/11\/wac2022.jpg",600,848,false],"large":["https:\/\/udcas.pt\/site\/wp-content\/uploads\/2023\/11\/wac2022.jpg",600,848,false],"1536x1536":["https:\/\/udcas.pt\/site\/wp-content\/uploads\/2023\/11\/wac2022.jpg",600,848,false],"2048x2048":["https:\/\/udcas.pt\/site\/wp-content\/uploads\/2023\/11\/wac2022.jpg",600,848,false]},"uagb_author_info":{"display_name":"ADM_UDCAS","author_link":"https:\/\/udcas.pt\/site\/author\/adm_udcas\/"},"uagb_comment_info":0,"uagb_excerpt":"No passado dia 10, 11, 12 e 13 de Mar\u00e7o realizou-se o World All Styles Championship (WAC), nas Caldas da Rainha","builder_content":"<img src=\"https:\/\/udcas.pt\/site\/wp-content\/uploads\/2023\/11\/kempo_wac_032022.jpg\" title=\"kempo_wac_032022\" alt=\"kempo_wac_032022\" srcset=\"https:\/\/udcas.pt\/site\/wp-content\/uploads\/2023\/11\/kempo_wac_032022.jpg 810w, https:\/\/udcas.pt\/site\/wp-content\/uploads\/2023\/11\/kempo_wac_032022-300x200.jpg 300w, https:\/\/udcas.pt\/site\/wp-content\/uploads\/2023\/11\/kempo_wac_032022-768x512.jpg 768w, https:\/\/udcas.pt\/site\/wp-content\/uploads\/2023\/11\/kempo_wac_032022-391x260.jpg 391w\" sizes=\"(max-width: 810px) 100vw, 810px\" \/>\n<h2>\u00daltimas Not\u00edcias<\/h2> <ul> <li> <a href=\"https:\/\/udcas.pt\/site\/2026\/04\/29\/capt_futsal-20262027\/\">Capta\u00e7\u00f5es FUTSAL 2026-2027<\/a> 2026-04-29 <\/li> <li> <a href=\"https:\/\/udcas.pt\/site\/2026\/04\/28\/alugcampoepav-20262027\/\">Aluguer de Pavilh\u00e3o e Campo<\/a> 2026-04-28 <\/li> <li> <a href=\"https:\/\/udcas.pt\/site\/2022\/03\/14\/wac_2022\/\">WAC 2022<\/a> 2022-03-14 <\/li> <\/ul>\n<p>No passado dia 10, 11, 12 e 13 de Mar\u00e7o realizou-se o World All Styles Championship (WAC), nas Caldas da Rainha \u2013 Expoeste, organizado pela Federa\u00e7\u00e3o Portuguesa Lohan Tao Kempo. O Campeonato contou com 2563 atletas de 31 pa\u00edses, uma excelente participa\u00e7\u00e3o ao fim de 2 anos de interrup\u00e7\u00e3o.<\/p>\n<p>A Uni\u00e3o Desportiva e Cultural da Aldeia do Sobralinho esteve presente com 35 atletas, dos v\u00e1rios escal\u00f5es de idades, desde o escal\u00e3o 4\/5 anos at\u00e9 41\/50. Os atletas participaram nas v\u00e1rias vertentes de prova, passaram pelo Kempo Tradicional e Kempo Desportivo n\u00e3o deixando de participar em Full Kempo e Submiss\u00e3o, pertencendo estas ao IKF (International Kempo Federation).<\/p>\n<p>\u00a0No total dos 4 dias, foram conquistadas 14 medalhas de ouro, 13 medalhas de prata e 30 medalhas de bronze, fazendo um total de 57 medalhas conseguidas!<\/p>\n<p>\u00a0Este sucesso \u00e9 devido ao Treinadores Sigung Nuno Grilo, \u00e0 Treinadora Sibak Carolina Fonseca e Treinadora\u00a0 Estagi\u00e1ria \u00c9rica Aleixo sempre com a ajuda e participa\u00e7\u00e3o da Treinadora Beatriz Marques e Treinador Estagi\u00e1rio Afonso Ribeiro.<\/p>\n<p>Um especial agradecimento ao executivo da Junta de Freguesia de Alverca do Ribatejo e Sobralinho, pela pessoa do seu Presidente Cl\u00e1udio Lotra, por todo o apoio prestado neste campeonato mundial , em que tudo fizemos para honrar a nossa freguesia.<\/p>\n<a href=\"https:\/\/udcas.pt\/site\/wp-content\/uploads\/2022\/03\/WAC_Video_2022.mov\">https:\/\/udcas.pt\/site\/wp-content\/uploads\/2022\/03\/WAC_Video_2022.mov<\/a>","_links":{"self":[{"href":"https:\/\/udcas.pt\/site\/wp-json\/wp\/v2\/posts\/1087","targetHints":{"allow":["GET"]}}],"collection":[{"href":"https:\/\/udcas.pt\/site\/wp-json\/wp\/v2\/posts"}],"about":[{"href":"https:\/\/udcas.pt\/site\/wp-json\/wp\/v2\/types\/post"}],"author":[{"embeddable":true,"href":"https:\/\/udcas.pt\/site\/wp-json\/wp\/v2\/users\/1"}],"replies":[{"embeddable":true,"href":"https:\/\/udcas.pt\/site\/wp-json\/wp\/v2\/comments?post=1087"}],"version-history":[{"count":14,"href":"https:\/\/udcas.pt\/site\/wp-json\/wp\/v2\/posts\/1087\/revisions"}],"predecessor-version":[{"id":1108,"href":"https:\/\/udcas.pt\/site\/wp-json\/wp\/v2\/posts\/1087\/revisions\/1108"}],"wp:featuredmedia":[{"embeddable":true,"href":"https:\/\/udcas.pt\/site\/wp-json\/wp\/v2\/media\/1107"}],"wp:attachment":[{"href":"https:\/\/udcas.pt\/site\/wp-json\/wp\/v2\/media?parent=1087"}],"wp:term":[{"taxonomy":"category","embeddable":true,"href":"https:\/\/udcas.pt\/site\/wp-json\/wp\/v2\/categories?post=1087"},{"taxonomy":"post_tag","embeddable":true,"href":"https:\/\/udcas.pt\/site\/wp-json\/wp\/v2\/tags?post=1087"}],"curies":[{"name":"wp","href":"https:\/\/api.w.org\/{rel}","templated":true}]}}