{"id":1372,"date":"2026-04-28T15:38:00","date_gmt":"2026-04-28T15:38:00","guid":{"rendered":"https:\/\/udcas.pt\/site\/2026\/04\/29\/capt_futsal-20262027-2\/"},"modified":"2026-04-29T16:12:25","modified_gmt":"2026-04-29T16:12:25","slug":"alugcampoepav-20262027","status":"publish","type":"post","link":"https:\/\/udcas.pt\/site\/2026\/04\/28\/alugcampoepav-20262027\/","title":{"rendered":"Aluguer de Pavilh\u00e3o e Campo"},"content":{"rendered":"<!--themify_builder_content-->\n<div id=\"themify_builder_content-1372\" data-postid=\"1372\" class=\"themify_builder_content themify_builder_content-1372 themify_builder tf_clear\">\n    \t\t\t<!-- module_row -->\n\t<div  data-lazy=\"1\" class=\"module_row themify_builder_row tb_uyb2273 tb_first tf_w tf_clearfix\">\n\t    \t\t\t<div class=\"row_inner col_align_top tb_col_count_1 tf_box tf_rel\">\n\t\t            <div  data-lazy=\"1\" class=\"module_column tb-column col-full tb_gmg3273 first\">\n                                                        <div class=\"tb-column-inner tf_box tf_w\">\n                        <!-- Post Title module -->\n<div  class=\"module module-post-title tb_f53x273 \" data-lazy=\"1\">\n   <h2 class=\"tbp_title\">\n    \t<a  href=\"https:\/\/udcas.pt\/site\/2026\/04\/28\/alugcampoepav-20262027\/\">\n        Aluguer de Pavilh\u00e3o e Campo    \t<\/a>\n    <\/h2><\/div>\n<!-- \/Post Title module -->\n                    <\/div><!-- .tb-column-inner -->\n                            <\/div><!-- .module_column -->\n            \t    <\/div><!-- .row_inner -->\n\t<\/div><!-- .module_row -->\n\t\t\t\t<!-- module_row -->\n\t<div  data-lazy=\"1\" class=\"module_row themify_builder_row tb_hoj4353 tf_w tf_clearfix\">\n\t    \t\t\t<div class=\"row_inner col_align_top tb_col_count_1 tf_box tf_rel\">\n\t\t            <div  data-lazy=\"1\" class=\"module_column tb-column col-full tb_kb5g353 first\">\n                                                        <div class=\"tb-column-inner tf_box tf_w\">\n                        <!-- module text -->\n<div  class=\"module module-text tb_z23q367   \" data-lazy=\"1\">\n        <div  class=\"tb_text_wrap\">\n    <p data-start=\"0\" data-end=\"367\">Alugue o pavilh\u00e3o e o campo para o seu evento e garanta um espa\u00e7o vers\u00e1til, moderno e preparado para receber diferentes tipos de iniciativas \u2014 desde torneios a eventos corporativos, festas privadas ou atividades de grupo. Com excelentes condi\u00e7\u00f5es e infraestrutura adequada, proporcionamos o ambiente ideal para que o seu evento seja um verdadeiro sucesso.<\/p>\n<p data-start=\"369\" data-end=\"573\" data-is-last-node=\"\" data-is-only-node=\"\">Para uma experi\u00eancia ainda mais completa, veja tamb\u00e9m toda a nossa oferta de pack\u2019s dispon\u00edveis, pensados para responder \u00e0s suas necessidades e facilitar a organiza\u00e7\u00e3o, com solu\u00e7\u00f5es pr\u00e1ticas e vantajosas.<\/p>    <\/div>\n<\/div>\n<!-- \/module text -->                    <\/div><!-- .tb-column-inner -->\n                            <\/div><!-- .module_column -->\n            \t    <\/div><!-- .row_inner -->\n\t<\/div><!-- .module_row -->\n\t\t\t\t<!-- module_row -->\n\t<div  data-lazy=\"1\" class=\"module_row themify_builder_row tb_e1jw306 tf_w tf_clearfix\">\n\t    \t\t\t<div class=\"row_inner col_align_top tb_col_count_1 tf_box tf_rel\">\n\t\t            <div  data-lazy=\"1\" class=\"module_column tb-column col-full tb_eop9307 first\">\n                                                        <div class=\"tb-column-inner tf_box tf_w\">\n                        \t<div  data-lazy=\"1\" class=\"module_subrow themify_builder_sub_row tb_dh7k984 tf_w tf_clearfix\">\n\t    \t\t\t<div class=\"subrow_inner col_align_top tb_col_count_2 tf_box tf_w\">\n\t\t            <div  data-lazy=\"1\" class=\"module_column sub_column col4-2 tb_stv2985 first\">\n                                                        <div class=\"tb-column-inner tf_box tf_w\">\n                        <!-- module image -->\n<div  class=\"module module-image tb_iec455   image-top tf_mw\" data-lazy=\"1\">\n        <div class=\"image-wrap tf_rel tf_mw\">\n\t\t    <img loading=\"lazy\" decoding=\"async\" width=\"1415\" height=\"2000\" src=\"https:\/\/udcas.pt\/site\/wp-content\/uploads\/2026\/04\/AluguerPavilhao_26.jpeg\" class=\"wp-post-image wp-image-1378\" title=\"AluguerPavilhao_26\" alt=\"AluguerPavilhao_26\" srcset=\"https:\/\/udcas.pt\/site\/wp-content\/uploads\/2026\/04\/AluguerPavilhao_26.jpeg 1415w, https:\/\/udcas.pt\/site\/wp-content\/uploads\/2026\/04\/AluguerPavilhao_26-212x300.jpeg 212w, https:\/\/udcas.pt\/site\/wp-content\/uploads\/2026\/04\/AluguerPavilhao_26-724x1024.jpeg 724w, https:\/\/udcas.pt\/site\/wp-content\/uploads\/2026\/04\/AluguerPavilhao_26-768x1086.jpeg 768w, https:\/\/udcas.pt\/site\/wp-content\/uploads\/2026\/04\/AluguerPavilhao_26-1087x1536.jpeg 1087w\" sizes=\"auto, (max-width: 1415px) 100vw, 1415px\" \/>\t\n\t\t<\/div>\n\t<!-- \/image-wrap -->\n    \n    \t<\/div>\n<!-- \/module image -->                    <\/div><!-- .tb-column-inner -->\n                            <\/div><!-- .module_column -->\n                        <div  data-lazy=\"1\" class=\"module_column sub_column col4-2 tb_mjm1985 last\">\n                                                        <div class=\"tb-column-inner tf_box tf_w\">\n                        <!-- module image -->\n<div  class=\"module module-image tb_luaq383   image-top tf_mw\" data-lazy=\"1\">\n        <div class=\"image-wrap tf_rel tf_mw\">\n\t\t    <img loading=\"lazy\" decoding=\"async\" width=\"1415\" height=\"2000\" src=\"https:\/\/udcas.pt\/site\/wp-content\/uploads\/2026\/04\/aluguerPavilhao_Pack-26.jpeg\" class=\"wp-post-image wp-image-1379\" title=\"aluguerPavilhao_Pack-26\" alt=\"aluguerPavilhao_Pack-26\" srcset=\"https:\/\/udcas.pt\/site\/wp-content\/uploads\/2026\/04\/aluguerPavilhao_Pack-26.jpeg 1415w, https:\/\/udcas.pt\/site\/wp-content\/uploads\/2026\/04\/aluguerPavilhao_Pack-26-212x300.jpeg 212w, https:\/\/udcas.pt\/site\/wp-content\/uploads\/2026\/04\/aluguerPavilhao_Pack-26-724x1024.jpeg 724w, https:\/\/udcas.pt\/site\/wp-content\/uploads\/2026\/04\/aluguerPavilhao_Pack-26-768x1086.jpeg 768w, https:\/\/udcas.pt\/site\/wp-content\/uploads\/2026\/04\/aluguerPavilhao_Pack-26-1087x1536.jpeg 1087w\" sizes=\"auto, (max-width: 1415px) 100vw, 1415px\" \/>\t\n\t\t<\/div>\n\t<!-- \/image-wrap -->\n    \n    \t<\/div>\n<!-- \/module image -->                    <\/div><!-- .tb-column-inner -->\n                            <\/div><!-- .module_column -->\n            \t    <\/div><!-- .subrow_inner -->\n\t<\/div><!-- .themify_builder_sub_row -->\n\t                    <\/div><!-- .tb-column-inner -->\n                            <\/div><!-- .module_column -->\n            \t    <\/div><!-- .row_inner -->\n\t<\/div><!-- .module_row -->\n\t<\/div>\n<!--\/themify_builder_content-->","protected":false},"excerpt":{"rendered":"<p>Alugue o pavilh\u00e3o e o campo para o seu evento e garanta um espa\u00e7o vers\u00e1til, moderno e preparado para receber diferentes tipos de iniciativas \u2014 desde torneios a eventos corporativos, festas privadas ou atividades de grupo. Com excelentes condi\u00e7\u00f5es e infraestrutura adequada, proporcionamos o ambiente ideal para que o seu evento seja um verdadeiro sucesso. [&hellip;]<\/p>\n","protected":false},"author":1,"featured_media":1382,"comment_status":"closed","ping_status":"closed","sticky":false,"template":"","format":"standard","meta":{"_uag_custom_page_level_css":"","footnotes":""},"categories":[14],"tags":[],"class_list":["post-1372","post","type-post","status-publish","format-standard","has-post-thumbnail","hentry","category-notudcas","has-post-title","has-post-date","has-post-category","has-post-tag","has-post-comment","has-post-author",""],"uagb_featured_image_src":{"full":["https:\/\/udcas.pt\/site\/wp-content\/uploads\/2026\/04\/campo_thumb_2627.png",387,252,false],"thumbnail":["https:\/\/udcas.pt\/site\/wp-content\/uploads\/2026\/04\/campo_thumb_2627-150x150.png",150,150,true],"medium":["https:\/\/udcas.pt\/site\/wp-content\/uploads\/2026\/04\/campo_thumb_2627-300x195.png",300,195,true],"medium_large":["https:\/\/udcas.pt\/site\/wp-content\/uploads\/2026\/04\/campo_thumb_2627.png",387,252,false],"large":["https:\/\/udcas.pt\/site\/wp-content\/uploads\/2026\/04\/campo_thumb_2627.png",387,252,false],"1536x1536":["https:\/\/udcas.pt\/site\/wp-content\/uploads\/2026\/04\/campo_thumb_2627.png",387,252,false],"2048x2048":["https:\/\/udcas.pt\/site\/wp-content\/uploads\/2026\/04\/campo_thumb_2627.png",387,252,false]},"uagb_author_info":{"display_name":"ADM_UDCAS","author_link":"https:\/\/udcas.pt\/site\/author\/adm_udcas\/"},"uagb_comment_info":0,"uagb_excerpt":"Alugue o pavilh\u00e3o e o campo para o seu evento e garanta um espa\u00e7o vers\u00e1til, moderno e preparado para receber diferentes tipos de iniciativas \u2014 desde torneios a eventos corporativos, festas privadas ou atividades de grupo. Com excelentes condi\u00e7\u00f5es e infraestrutura adequada, proporcionamos o ambiente ideal para que o seu evento seja um verdadeiro sucesso.&hellip;","builder_content":"<h2> <a href=\"https:\/\/udcas.pt\/site\/2026\/04\/28\/alugcampoepav-20262027\/\"> Aluguer de Pavilh\u00e3o e Campo <\/a> <\/h2>\n<p data-start=\"0\" data-end=\"367\">Alugue o pavilh\u00e3o e o campo para o seu evento e garanta um espa\u00e7o vers\u00e1til, moderno e preparado para receber diferentes tipos de iniciativas \u2014 desde torneios a eventos corporativos, festas privadas ou atividades de grupo. Com excelentes condi\u00e7\u00f5es e infraestrutura adequada, proporcionamos o ambiente ideal para que o seu evento seja um verdadeiro sucesso.<\/p> <p data-start=\"369\" data-end=\"573\" data-is-last-node=\"\" data-is-only-node=\"\">Para uma experi\u00eancia ainda mais completa, veja tamb\u00e9m toda a nossa oferta de pack\u2019s dispon\u00edveis, pensados para responder \u00e0s suas necessidades e facilitar a organiza\u00e7\u00e3o, com solu\u00e7\u00f5es pr\u00e1ticas e vantajosas.<\/p>\n<img src=\"https:\/\/udcas.pt\/site\/wp-content\/uploads\/2026\/04\/AluguerPavilhao_26.jpeg\" title=\"AluguerPavilhao_26\" alt=\"AluguerPavilhao_26\" srcset=\"https:\/\/udcas.pt\/site\/wp-content\/uploads\/2026\/04\/AluguerPavilhao_26.jpeg 1415w, https:\/\/udcas.pt\/site\/wp-content\/uploads\/2026\/04\/AluguerPavilhao_26-212x300.jpeg 212w, https:\/\/udcas.pt\/site\/wp-content\/uploads\/2026\/04\/AluguerPavilhao_26-724x1024.jpeg 724w, https:\/\/udcas.pt\/site\/wp-content\/uploads\/2026\/04\/AluguerPavilhao_26-768x1086.jpeg 768w, https:\/\/udcas.pt\/site\/wp-content\/uploads\/2026\/04\/AluguerPavilhao_26-1087x1536.jpeg 1087w\" sizes=\"(max-width: 1415px) 100vw, 1415px\" \/>\n<img src=\"https:\/\/udcas.pt\/site\/wp-content\/uploads\/2026\/04\/aluguerPavilhao_Pack-26.jpeg\" title=\"aluguerPavilhao_Pack-26\" alt=\"aluguerPavilhao_Pack-26\" srcset=\"https:\/\/udcas.pt\/site\/wp-content\/uploads\/2026\/04\/aluguerPavilhao_Pack-26.jpeg 1415w, https:\/\/udcas.pt\/site\/wp-content\/uploads\/2026\/04\/aluguerPavilhao_Pack-26-212x300.jpeg 212w, https:\/\/udcas.pt\/site\/wp-content\/uploads\/2026\/04\/aluguerPavilhao_Pack-26-724x1024.jpeg 724w, https:\/\/udcas.pt\/site\/wp-content\/uploads\/2026\/04\/aluguerPavilhao_Pack-26-768x1086.jpeg 768w, https:\/\/udcas.pt\/site\/wp-content\/uploads\/2026\/04\/aluguerPavilhao_Pack-26-1087x1536.jpeg 1087w\" sizes=\"(max-width: 1415px) 100vw, 1415px\" \/>","_links":{"self":[{"href":"https:\/\/udcas.pt\/site\/wp-json\/wp\/v2\/posts\/1372","targetHints":{"allow":["GET"]}}],"collection":[{"href":"https:\/\/udcas.pt\/site\/wp-json\/wp\/v2\/posts"}],"about":[{"href":"https:\/\/udcas.pt\/site\/wp-json\/wp\/v2\/types\/post"}],"author":[{"embeddable":true,"href":"https:\/\/udcas.pt\/site\/wp-json\/wp\/v2\/users\/1"}],"replies":[{"embeddable":true,"href":"https:\/\/udcas.pt\/site\/wp-json\/wp\/v2\/comments?post=1372"}],"version-history":[{"count":10,"href":"https:\/\/udcas.pt\/site\/wp-json\/wp\/v2\/posts\/1372\/revisions"}],"predecessor-version":[{"id":1395,"href":"https:\/\/udcas.pt\/site\/wp-json\/wp\/v2\/posts\/1372\/revisions\/1395"}],"wp:featuredmedia":[{"embeddable":true,"href":"https:\/\/udcas.pt\/site\/wp-json\/wp\/v2\/media\/1382"}],"wp:attachment":[{"href":"https:\/\/udcas.pt\/site\/wp-json\/wp\/v2\/media?parent=1372"}],"wp:term":[{"taxonomy":"category","embeddable":true,"href":"https:\/\/udcas.pt\/site\/wp-json\/wp\/v2\/categories?post=1372"},{"taxonomy":"post_tag","embeddable":true,"href":"https:\/\/udcas.pt\/site\/wp-json\/wp\/v2\/tags?post=1372"}],"curies":[{"name":"wp","href":"https:\/\/api.w.org\/{rel}","templated":true}]}}