{"id":766,"date":"2021-02-06T19:54:00","date_gmt":"2021-02-06T19:54:00","guid":{"rendered":"https:\/\/udcas.pt\/site\/?p=766"},"modified":"2021-11-22T11:53:16","modified_gmt":"2021-11-22T11:53:16","slug":"kempo-tradicional-2021","status":"publish","type":"post","link":"https:\/\/udcas.pt\/site\/2021\/02\/06\/kempo-tradicional-2021\/","title":{"rendered":"Ta\u00e7a Kempo Tradicional 2021"},"content":{"rendered":"<!--themify_builder_content-->\n<div id=\"themify_builder_content-766\" data-postid=\"766\" class=\"themify_builder_content themify_builder_content-766 themify_builder tf_clear\">\n    \t\t\t<!-- module_row -->\n\t<div  data-lazy=\"1\" class=\"module_row themify_builder_row tb_lfpa559 tb_first tf_w tf_clearfix\">\n\t    \t\t\t<div class=\"row_inner col_align_top tb_col_count_2 tf_box tf_rel\">\n\t\t            <div  data-lazy=\"1\" class=\"module_column tb-column col4-3 tb_u3r9560 first\">\n                                                        <div class=\"tb-column-inner tf_box tf_w\">\n                        \t<div  data-lazy=\"1\" class=\"module_subrow themify_builder_sub_row tb_2lj3564 tf_w tf_clearfix\">\n\t    \t\t\t<div class=\"subrow_inner col_align_top tb_col_count_2 tf_box tf_w\">\n\t\t            <div  data-lazy=\"1\" class=\"module_column sub_column col4-1 tb_s7ta564 first\">\n                                                        <div class=\"tb-column-inner tf_box tf_w\">\n                        <!-- module image -->\n<div  class=\"module module-image tb_ylk2565 rounded  image-center tf_mw\" data-lazy=\"1\">\n        <div class=\"image-wrap tf_rel tf_mw\">\n\t\t    <img loading=\"lazy\" decoding=\"async\" width=\"491\" height=\"686\" src=\"https:\/\/udcas.pt\/site\/wp-content\/uploads\/2021\/02\/imagem_2021-02-11_222528.png\" class=\"wp-post-image wp-image-659\" title=\"imagem_2021-02-11_222528\" alt=\"imagem_2021-02-11_222528\" srcset=\"https:\/\/udcas.pt\/site\/wp-content\/uploads\/2021\/02\/imagem_2021-02-11_222528.png 491w, https:\/\/udcas.pt\/site\/wp-content\/uploads\/2021\/02\/imagem_2021-02-11_222528-215x300.png 215w\" sizes=\"auto, (max-width: 491px) 100vw, 491px\" \/>\t\n\t\t<\/div>\n\t<!-- \/image-wrap -->\n    \n    \t<\/div>\n<!-- \/module image -->                    <\/div><!-- .tb-column-inner -->\n                            <\/div><!-- .module_column -->\n                        <div  data-lazy=\"1\" class=\"module_column sub_column col4-3 tb_uai3566 last\">\n                                                        <div class=\"tb-column-inner tf_box tf_w\">\n                        <!-- module text -->\n<div  class=\"module module-text tb_0hk6567   \" data-lazy=\"1\">\n        <div  class=\"tb_text_wrap\">\n    <p>Continuando a atravessar a maior pandemia mundial das mem\u00f3rias desta gera\u00e7\u00e3o, \u00e9 imperativo reformular a forma de viver e as rotinas do nosso dia a dia e a forma de n\u00e3o deixar parar o desporto.<\/p>    <\/div>\n<\/div>\n<!-- \/module text --><!-- module text -->\n<div  class=\"module module-text tb_u2n2567   \" data-lazy=\"1\">\n        <div  class=\"tb_text_wrap\">\n    <p>A Federa\u00e7\u00e3o Portuguesa Lohan Tao Kempo n\u00e3o foi diferente e no passado dia 6 de fevereiro organizou a Ta\u00e7a Kempo Tradicional 2021, em formato online, recorrendo \u00e0 criatividade e motivando os seus milhares de atletas de kempo pelo pa\u00eds \u00e0 continua\u00e7\u00e3o de pr\u00e1tica desportiva com as devidas adapta\u00e7\u00f5es.<\/p>    <\/div>\n<\/div>\n<!-- \/module text --><!-- module text -->\n<div  class=\"module module-text tb_9b4n568   \" data-lazy=\"1\">\n        <div  class=\"tb_text_wrap\">\n    <p>A UDCAS participou com a inscri\u00e7\u00e3o de 16 atletas em diversas provas de Kempo tradicional que conquistaram 5 medalhas de ouro, 4 de prata e 11 de bronze.<\/p>\n<p>\u00a0<\/p>    <\/div>\n<\/div>\n<!-- \/module text -->                    <\/div><!-- .tb-column-inner -->\n                            <\/div><!-- .module_column -->\n            \t    <\/div><!-- .subrow_inner -->\n\t<\/div><!-- .themify_builder_sub_row -->\n\t\t<div  data-lazy=\"1\" class=\"module_subrow themify_builder_sub_row tb_f4xe569 tf_w tf_clearfix\">\n\t    \t\t\t<div class=\"subrow_inner col_align_top tb_col_count_1 tf_box tf_w\">\n\t\t            <div  data-lazy=\"1\" class=\"module_column sub_column col-full tb_p4d2570 first\">\n                                                        <div class=\"tb-column-inner tf_box tf_w\">\n                        <!-- module text -->\n<div  class=\"module module-text tb_2gvk571   \" data-lazy=\"1\">\n        <div  class=\"tb_text_wrap\">\n    <p>A saber:<\/p>    <\/div>\n<\/div>\n<!-- \/module text -->                    <\/div><!-- .tb-column-inner -->\n                            <\/div><!-- .module_column -->\n            \t    <\/div><!-- .subrow_inner -->\n\t<\/div><!-- .themify_builder_sub_row -->\n\t\t<div  data-lazy=\"1\" class=\"module_subrow themify_builder_sub_row tb_qb3s572 tf_w tf_clearfix\">\n\t    \t\t\t<div class=\"subrow_inner col_align_top tb_col_count_2 tf_box tf_w\">\n\t\t            <div  data-lazy=\"1\" class=\"module_column sub_column col2-1 tb_7rdj573 first\">\n                                                        <div class=\"tb-column-inner tf_box tf_w\">\n                        <!-- module text -->\n<div  class=\"module module-text tb_kvdq574   \" data-lazy=\"1\">\n        <div  class=\"tb_text_wrap\">\n    <p><strong>Formas de M\u00e3o Vazia Hard<\/strong><\/p>\n<ul>\n<li>1\u00ba Lugar \u2013 Miguel Nunes &#8211; 4\/5 anos &#8211; Masculino \u2013 Cintos de Cor<\/li>\n<li>3\u00ba Lugar \u2013 Duarte Bai\u00e3o \u2013 6\/7 anos \u2013 Masculino \u2013 Cintos de Cor<\/li>\n<li>3\u00ba Lugar \u2013 Matilde Pinheiro &#8211; 8\/10 anos \u2013 Feminino \u2013 Cintos de Cor<\/li>\n<li>1\u00ba Lugar \u2013 Marcos Grilo &#8211; 8\/10 anos \u2013 Masculino \u2013 Cintos de Cor<\/li>\n<li>3\u00ba Lugar \u2013 \u00c9rica Aleixo &#8211; 18\/29 anos \u2013 Feminino \u2013 Cintos de Cor<\/li>\n<li>3\u00ba Lugar \u2013 N\u00edvea Maia &#8211; 18\/29 anos \u2013 Feminino \u2013 Cintos de Cor<\/li>\n<li>2\u00ba Lugar \u2013 Carolina Fonseca &#8211; 18\/29 anos \u2013 Feminino \u2013 Cintos Castanhos e Negros<\/li>\n<\/ul>    <\/div>\n<\/div>\n<!-- \/module text --><!-- module divider -->\n<div  class=\"module tf_mw module-divider tb_uv56575 solid   \" style=\"border-width: 1px;border-color: #f01616;\" data-lazy=\"1\">\n    <\/div>\n<!-- \/module divider -->\n<!-- module text -->\n<div  class=\"module module-text tb_nthg575   \" data-lazy=\"1\">\n        <div  class=\"tb_text_wrap\">\n    <p><strong>Formas com Armas Soft<\/strong><\/p>\n<ul>\n<li>3\u00ba Lugar \u2013 Gon\u00e7alo Pinheiro 14\/15 anos \u2013 Masculino \u2013 Cintos Castanhos e Negros<\/li>\n<li>1\u00ba Lugar \u2013 Carolina Fonseca &#8211; 18\/29 anos \u2013 Feminino \u2013 Cintos Castanhos e Negros<\/li>\n<li>2\u00ba Lugar \u2013 N\u00edvea Maia &#8211; &#8211; 18\/29 anos \u2013 Feminino \u2013 Cintos de Cor<\/li>\n<\/ul>    <\/div>\n<\/div>\n<!-- \/module text --><!-- module divider -->\n<div  class=\"module tf_mw module-divider tb_k879576 solid   \" style=\"border-width: 1px;border-color: #f01616;\" data-lazy=\"1\">\n    <\/div>\n<!-- \/module divider -->\n<!-- module text -->\n<div  class=\"module module-text tb_xkls576   \" data-lazy=\"1\">\n        <div  class=\"tb_text_wrap\">\n    <p><strong>Formas Sino-Vietnamitas \u2013 Moderno<\/strong><\/p>\n<ul>\n<li>1\u00ba Lugar-Carolina Fonseca &#8211; 18\/29 anos \u2013 Feminino \u2013 Cintos Castanhos e Negros<\/li>\n<\/ul>    <\/div>\n<\/div>\n<!-- \/module text -->                    <\/div><!-- .tb-column-inner -->\n                            <\/div><!-- .module_column -->\n                        <div  data-lazy=\"1\" class=\"module_column sub_column col2-1 tb_r8uv577 last\">\n                                                        <div class=\"tb-column-inner tf_box tf_w\">\n                        <!-- module text -->\n<div  class=\"module module-text tb_cpwp578   \" data-lazy=\"1\">\n        <div  class=\"tb_text_wrap\">\n    <p><strong>Formas de M\u00e3o Vazia Soft <\/strong><\/p>\n<ul>\n<li>2\u00ba Lugar \u2013 Miguel Nunes &#8211; 4\/5 anos &#8211; Masculino \u2013 Cintos de Cor<\/li>\n<li>3\u00ba Lugar \u2013 Duarte Bai\u00e3o &#8211; 6\/7 anos \u2013 Masculino \u2013 Cintos de Cor<\/li>\n<li>3\u00ba Lugar \u2013 Luciana Tiago &#8211; 8\/10 anos \u2013 Feminino \u2013 Cintos de Cor<\/li>\n<li>3\u00ba Lugar \u2013 Gon\u00e7alo Nunes &#8211; 8\/10 anos \u2013 Masculino \u2013 Cintos de Cor<\/li>\n<li>3\u00ba Lugar \u2013 Marcos Grilo &#8211; 8\/10 anos \u2013 Masculino \u2013 Cintos de Cor<\/li>\n<li>3\u00ba Lugar &#8211; \u00c9rica Aleixo &#8211; 18\/29 anos \u2013 Feminino \u2013 Cintos de Cor<\/li>\n<li>3\u00ba Lugar \u2013 N\u00edvea Maia &#8211; &#8211; 18\/29 anos \u2013 Feminino \u2013 Cintos de Cor<\/li>\n<li>2\u00ba Lugar \u2013 Carolina Fonseca &#8211; 18\/29 anos \u2013 Feminino \u2013 Cintos Castanhos e Negros<\/li>\n<\/ul>    <\/div>\n<\/div>\n<!-- \/module text --><!-- module divider -->\n<div  class=\"module tf_mw module-divider tb_pyns578 solid   \" style=\"border-width: 1px;border-color: #f01616;\" data-lazy=\"1\">\n    <\/div>\n<!-- \/module divider -->\n<!-- module text -->\n<div  class=\"module module-text tb_7nhv579   \" data-lazy=\"1\">\n        <div  class=\"tb_text_wrap\">\n    <p><strong>Formas com Armas Hard<\/strong><\/p>\n<ul>\n<li>1\u00ba Lugar \u2013 Carolina Fonseca &#8211; 18\/29 anos \u2013 Feminino \u2013 Cintos Castanhos e Negros<\/li>\n<\/ul>    <\/div>\n<\/div>\n<!-- \/module text -->                    <\/div><!-- .tb-column-inner -->\n                            <\/div><!-- .module_column -->\n            \t    <\/div><!-- .subrow_inner -->\n\t<\/div><!-- .themify_builder_sub_row -->\n\t\t<div  data-lazy=\"1\" class=\"module_subrow themify_builder_sub_row tb_p8fd580 tf_w tf_clearfix\">\n\t    \t\t\t<div class=\"subrow_inner col_align_top tb_col_count_1 tf_box tf_w\">\n\t\t            <div  data-lazy=\"1\" class=\"module_column sub_column col-full tb_ctym580 first\">\n                                                        <div class=\"tb-column-inner tf_box tf_w\">\n                        <!-- module text -->\n<div  class=\"module module-text tb_3hev581   \" data-lazy=\"1\">\n        <div  class=\"tb_text_wrap\">\n    <p>A UDCAS parabeniza todas e todos os atletas pelo trabalho reconhecido e agradece todo o empenho da equipa t\u00e9cnica deste campeonato online: Nuno Grilo, Carolina Fonseca e \u00c9rica Aleixo.<\/p>    <\/div>\n<\/div>\n<!-- \/module text -->                    <\/div><!-- .tb-column-inner -->\n                            <\/div><!-- .module_column -->\n            \t    <\/div><!-- .subrow_inner -->\n\t<\/div><!-- .themify_builder_sub_row -->\n\t                    <\/div><!-- .tb-column-inner -->\n                            <\/div><!-- .module_column -->\n                        <div  data-lazy=\"1\" class=\"module_column tb-column col4-1 tb_el63242 last\">\n                                                        <div class=\"tb-column-inner tf_box tf_w\">\n                        <!-- module widget -->\n<div  class=\"module module-widget tb_lmdq321  \" data-lazy=\"1\">\n\t\n\t\t<div class=\"widget widget_recent_entries\">\n\t\t<h2 class=\"widgettitle\">\u00daltimas Not\u00edcias<\/h2>\n\t\t<ul>\n\t\t\t\t\t\t\t\t\t\t\t<li>\n\t\t\t\t\t<a href=\"https:\/\/udcas.pt\/site\/2026\/04\/29\/capt_futsal-20262027\/\">Capta\u00e7\u00f5es FUTSAL 2026-2027<\/a>\n\t\t\t\t\t\t\t\t\t\t\t<span class=\"post-date\">2026-04-29<\/span>\n\t\t\t\t\t\t\t\t\t<\/li>\n\t\t\t\t\t\t\t\t\t\t\t<li>\n\t\t\t\t\t<a href=\"https:\/\/udcas.pt\/site\/2026\/04\/28\/alugcampoepav-20262027\/\">Aluguer de Pavilh\u00e3o e Campo<\/a>\n\t\t\t\t\t\t\t\t\t\t\t<span class=\"post-date\">2026-04-28<\/span>\n\t\t\t\t\t\t\t\t\t<\/li>\n\t\t\t\t\t\t\t\t\t\t\t<li>\n\t\t\t\t\t<a href=\"https:\/\/udcas.pt\/site\/2022\/03\/14\/wac_2022\/\">WAC 2022<\/a>\n\t\t\t\t\t\t\t\t\t\t\t<span class=\"post-date\">2022-03-14<\/span>\n\t\t\t\t\t\t\t\t\t<\/li>\n\t\t\t\t\t<\/ul>\n\n\t\t<\/div><\/div>\n<!-- \/module widget -->\n                    <\/div><!-- .tb-column-inner -->\n                            <\/div><!-- .module_column -->\n            \t    <\/div><!-- .row_inner -->\n\t<\/div><!-- .module_row -->\n\t\t\t\t<!-- module_row -->\n\t<div  data-lazy=\"1\" class=\"module_row themify_builder_row tb_s8jc182 tf_w tf_clearfix\">\n\t    \t\t\t<div class=\"row_inner col_align_top tb_col_count_1 tf_box tf_rel\">\n\t\t            <div  data-lazy=\"1\" class=\"module_column tb-column col-full tb_110e183 first\">\n                                                        <div class=\"tb-column-inner tf_box tf_w\">\n                        <!-- module divider -->\n<div  class=\"module tf_mw module-divider tb_sp1d183 solid   \" style=\"border-width: 3px;border-color: #f01616;\" data-lazy=\"1\">\n    <\/div>\n<!-- \/module divider -->\n<!-- module divider -->\n<div  class=\"module tf_mw module-divider tb_xpox183 solid    hide-desktop hide-tablet hide-tablet_landscape hide-mobile\" style=\"border-width: 3px;border-color: #f01616;\" data-lazy=\"1\">\n    <\/div>\n<!-- \/module divider -->\n                    <\/div><!-- .tb-column-inner -->\n                            <\/div><!-- .module_column -->\n            \t    <\/div><!-- .row_inner -->\n\t<\/div><!-- .module_row -->\n\t<\/div>\n<!--\/themify_builder_content-->","protected":false},"excerpt":{"rendered":"<p>Continuando a atravessar a maior pandemia mundial das mem\u00f3rias desta gera\u00e7\u00e3o, \u00e9 imperativo reformular a forma de viver e as rotinas do nosso dia a dia e a forma de n\u00e3o deixar parar o desporto.<\/p>\n","protected":false},"author":1,"featured_media":659,"comment_status":"closed","ping_status":"closed","sticky":false,"template":"","format":"standard","meta":{"_uag_custom_page_level_css":"","footnotes":""},"categories":[13],"tags":[],"class_list":["post-766","post","type-post","status-publish","format-standard","has-post-thumbnail","hentry","category-desporto","has-post-title","has-post-date","has-post-category","has-post-tag","has-post-comment","has-post-author",""],"uagb_featured_image_src":{"full":["https:\/\/udcas.pt\/site\/wp-content\/uploads\/2021\/02\/imagem_2021-02-11_222528.png",491,686,false],"thumbnail":["https:\/\/udcas.pt\/site\/wp-content\/uploads\/2021\/02\/imagem_2021-02-11_222528-150x150.png",150,150,true],"medium":["https:\/\/udcas.pt\/site\/wp-content\/uploads\/2021\/02\/imagem_2021-02-11_222528-215x300.png",215,300,true],"medium_large":["https:\/\/udcas.pt\/site\/wp-content\/uploads\/2021\/02\/imagem_2021-02-11_222528.png",491,686,false],"large":["https:\/\/udcas.pt\/site\/wp-content\/uploads\/2021\/02\/imagem_2021-02-11_222528.png",491,686,false],"1536x1536":["https:\/\/udcas.pt\/site\/wp-content\/uploads\/2021\/02\/imagem_2021-02-11_222528.png",491,686,false],"2048x2048":["https:\/\/udcas.pt\/site\/wp-content\/uploads\/2021\/02\/imagem_2021-02-11_222528.png",491,686,false]},"uagb_author_info":{"display_name":"ADM_UDCAS","author_link":"https:\/\/udcas.pt\/site\/author\/adm_udcas\/"},"uagb_comment_info":0,"uagb_excerpt":"Continuando a atravessar a maior pandemia mundial das mem\u00f3rias desta gera\u00e7\u00e3o, \u00e9 imperativo reformular a forma de viver e as rotinas do nosso dia a dia e a forma de n\u00e3o deixar parar o desporto.","builder_content":"<img src=\"https:\/\/udcas.pt\/site\/wp-content\/uploads\/2021\/02\/imagem_2021-02-11_222528.png\" title=\"imagem_2021-02-11_222528\" alt=\"imagem_2021-02-11_222528\" srcset=\"https:\/\/udcas.pt\/site\/wp-content\/uploads\/2021\/02\/imagem_2021-02-11_222528.png 491w, https:\/\/udcas.pt\/site\/wp-content\/uploads\/2021\/02\/imagem_2021-02-11_222528-215x300.png 215w\" sizes=\"(max-width: 491px) 100vw, 491px\" \/>\n<p>Continuando a atravessar a maior pandemia mundial das mem\u00f3rias desta gera\u00e7\u00e3o, \u00e9 imperativo reformular a forma de viver e as rotinas do nosso dia a dia e a forma de n\u00e3o deixar parar o desporto.<\/p>\n<p>A Federa\u00e7\u00e3o Portuguesa Lohan Tao Kempo n\u00e3o foi diferente e no passado dia 6 de fevereiro organizou a Ta\u00e7a Kempo Tradicional 2021, em formato online, recorrendo \u00e0 criatividade e motivando os seus milhares de atletas de kempo pelo pa\u00eds \u00e0 continua\u00e7\u00e3o de pr\u00e1tica desportiva com as devidas adapta\u00e7\u00f5es.<\/p>\n<p>A UDCAS participou com a inscri\u00e7\u00e3o de 16 atletas em diversas provas de Kempo tradicional que conquistaram 5 medalhas de ouro, 4 de prata e 11 de bronze.<\/p> <p>\u00a0<\/p>\n<p>A saber:<\/p>\n<p><strong>Formas de M\u00e3o Vazia Hard<\/strong><\/p> <ul> <li>1\u00ba Lugar \u2013 Miguel Nunes - 4\/5 anos - Masculino \u2013 Cintos de Cor<\/li> <li>3\u00ba Lugar \u2013 Duarte Bai\u00e3o \u2013 6\/7 anos \u2013 Masculino \u2013 Cintos de Cor<\/li> <li>3\u00ba Lugar \u2013 Matilde Pinheiro - 8\/10 anos \u2013 Feminino \u2013 Cintos de Cor<\/li> <li>1\u00ba Lugar \u2013 Marcos Grilo - 8\/10 anos \u2013 Masculino \u2013 Cintos de Cor<\/li> <li>3\u00ba Lugar \u2013 \u00c9rica Aleixo - 18\/29 anos \u2013 Feminino \u2013 Cintos de Cor<\/li> <li>3\u00ba Lugar \u2013 N\u00edvea Maia - 18\/29 anos \u2013 Feminino \u2013 Cintos de Cor<\/li> <li>2\u00ba Lugar \u2013 Carolina Fonseca - 18\/29 anos \u2013 Feminino \u2013 Cintos Castanhos e Negros<\/li> <\/ul>\n\n<p><strong>Formas com Armas Soft<\/strong><\/p> <ul> <li>3\u00ba Lugar \u2013 Gon\u00e7alo Pinheiro 14\/15 anos \u2013 Masculino \u2013 Cintos Castanhos e Negros<\/li> <li>1\u00ba Lugar \u2013 Carolina Fonseca - 18\/29 anos \u2013 Feminino \u2013 Cintos Castanhos e Negros<\/li> <li>2\u00ba Lugar \u2013 N\u00edvea Maia - - 18\/29 anos \u2013 Feminino \u2013 Cintos de Cor<\/li> <\/ul>\n\n<p><strong>Formas Sino-Vietnamitas \u2013 Moderno<\/strong><\/p> <ul> <li>1\u00ba Lugar-Carolina Fonseca - 18\/29 anos \u2013 Feminino \u2013 Cintos Castanhos e Negros<\/li> <\/ul>\n<p><strong>Formas de M\u00e3o Vazia Soft <\/strong><\/p> <ul> <li>2\u00ba Lugar \u2013 Miguel Nunes - 4\/5 anos - Masculino \u2013 Cintos de Cor<\/li> <li>3\u00ba Lugar \u2013 Duarte Bai\u00e3o - 6\/7 anos \u2013 Masculino \u2013 Cintos de Cor<\/li> <li>3\u00ba Lugar \u2013 Luciana Tiago - 8\/10 anos \u2013 Feminino \u2013 Cintos de Cor<\/li> <li>3\u00ba Lugar \u2013 Gon\u00e7alo Nunes - 8\/10 anos \u2013 Masculino \u2013 Cintos de Cor<\/li> <li>3\u00ba Lugar \u2013 Marcos Grilo - 8\/10 anos \u2013 Masculino \u2013 Cintos de Cor<\/li> <li>3\u00ba Lugar - \u00c9rica Aleixo - 18\/29 anos \u2013 Feminino \u2013 Cintos de Cor<\/li> <li>3\u00ba Lugar \u2013 N\u00edvea Maia - - 18\/29 anos \u2013 Feminino \u2013 Cintos de Cor<\/li> <li>2\u00ba Lugar \u2013 Carolina Fonseca - 18\/29 anos \u2013 Feminino \u2013 Cintos Castanhos e Negros<\/li> <\/ul>\n\n<p><strong>Formas com Armas Hard<\/strong><\/p> <ul> <li>1\u00ba Lugar \u2013 Carolina Fonseca - 18\/29 anos \u2013 Feminino \u2013 Cintos Castanhos e Negros<\/li> <\/ul>\n<p>A UDCAS parabeniza todas e todos os atletas pelo trabalho reconhecido e agradece todo o empenho da equipa t\u00e9cnica deste campeonato online: Nuno Grilo, Carolina Fonseca e \u00c9rica Aleixo.<\/p>\n<h2>\u00daltimas Not\u00edcias<\/h2> <ul> <li> <a href=\"https:\/\/udcas.pt\/site\/2026\/04\/29\/capt_futsal-20262027\/\">Capta\u00e7\u00f5es FUTSAL 2026-2027<\/a> 2026-04-29 <\/li> <li> <a href=\"https:\/\/udcas.pt\/site\/2026\/04\/28\/alugcampoepav-20262027\/\">Aluguer de Pavilh\u00e3o e Campo<\/a> 2026-04-28 <\/li> <li> <a href=\"https:\/\/udcas.pt\/site\/2022\/03\/14\/wac_2022\/\">WAC 2022<\/a> 2022-03-14 <\/li> <\/ul>\n\n","_links":{"self":[{"href":"https:\/\/udcas.pt\/site\/wp-json\/wp\/v2\/posts\/766","targetHints":{"allow":["GET"]}}],"collection":[{"href":"https:\/\/udcas.pt\/site\/wp-json\/wp\/v2\/posts"}],"about":[{"href":"https:\/\/udcas.pt\/site\/wp-json\/wp\/v2\/types\/post"}],"author":[{"embeddable":true,"href":"https:\/\/udcas.pt\/site\/wp-json\/wp\/v2\/users\/1"}],"replies":[{"embeddable":true,"href":"https:\/\/udcas.pt\/site\/wp-json\/wp\/v2\/comments?post=766"}],"version-history":[{"count":21,"href":"https:\/\/udcas.pt\/site\/wp-json\/wp\/v2\/posts\/766\/revisions"}],"predecessor-version":[{"id":850,"href":"https:\/\/udcas.pt\/site\/wp-json\/wp\/v2\/posts\/766\/revisions\/850"}],"wp:featuredmedia":[{"embeddable":true,"href":"https:\/\/udcas.pt\/site\/wp-json\/wp\/v2\/media\/659"}],"wp:attachment":[{"href":"https:\/\/udcas.pt\/site\/wp-json\/wp\/v2\/media?parent=766"}],"wp:term":[{"taxonomy":"category","embeddable":true,"href":"https:\/\/udcas.pt\/site\/wp-json\/wp\/v2\/categories?post=766"},{"taxonomy":"post_tag","embeddable":true,"href":"https:\/\/udcas.pt\/site\/wp-json\/wp\/v2\/tags?post=766"}],"curies":[{"name":"wp","href":"https:\/\/api.w.org\/{rel}","templated":true}]}}