{"id":782,"date":"2021-05-29T20:15:00","date_gmt":"2021-05-29T20:15:00","guid":{"rendered":"https:\/\/udcas.pt\/site\/?p=782"},"modified":"2021-11-22T11:53:56","modified_gmt":"2021-11-22T11:53:56","slug":"dancas-de-salao","status":"publish","type":"post","link":"https:\/\/udcas.pt\/site\/2021\/05\/29\/dancas-de-salao\/","title":{"rendered":"Dan\u00e7as de Sal\u00e3o"},"content":{"rendered":"<!--themify_builder_content-->\n<div id=\"themify_builder_content-782\" data-postid=\"782\" class=\"themify_builder_content themify_builder_content-782 themify_builder tf_clear\">\n    \t\t\t<!-- module_row -->\n\t<div  data-lazy=\"1\" class=\"module_row themify_builder_row tb_32ng626 tb_first tf_w tf_clearfix\">\n\t    \t\t\t<div class=\"row_inner col_align_top tb_col_count_2 tf_box tf_rel\">\n\t\t            <div  data-lazy=\"1\" class=\"module_column tb-column col3-2 tb_l53c627 first\">\n                                                        <div class=\"tb-column-inner tf_box tf_w\">\n                        \t<div  data-lazy=\"1\" class=\"module_subrow themify_builder_sub_row tb_3yoe629 tf_w tf_clearfix\">\n\t    \t\t\t<div class=\"subrow_inner col_align_top tb_col_count_2 tf_box tf_w\">\n\t\t            <div  data-lazy=\"1\" class=\"module_column sub_column col4-1 tb_2rjr629 first\">\n                                                        <div class=\"tb-column-inner tf_box tf_w\">\n                        <!-- module image -->\n<div  class=\"module module-image tb_qa3u629 rounded  image-center tf_mw\" data-lazy=\"1\">\n        <div class=\"image-wrap tf_rel tf_mw\">\n\t\t    <img loading=\"lazy\" decoding=\"async\" width=\"960\" height=\"549\" src=\"https:\/\/udcas.pt\/site\/wp-content\/uploads\/2021\/06\/Noticia-2.jpg\" class=\"wp-post-image wp-image-715\" title=\"Not\u00edcia 2\" alt=\"Not\u00edcia 2\" srcset=\"https:\/\/udcas.pt\/site\/wp-content\/uploads\/2021\/06\/Noticia-2.jpg 960w, https:\/\/udcas.pt\/site\/wp-content\/uploads\/2021\/06\/Noticia-2-300x172.jpg 300w, https:\/\/udcas.pt\/site\/wp-content\/uploads\/2021\/06\/Noticia-2-768x439.jpg 768w, https:\/\/udcas.pt\/site\/wp-content\/uploads\/2021\/06\/Noticia-2-1259x720.jpg 1259w, https:\/\/udcas.pt\/site\/wp-content\/uploads\/2021\/06\/Noticia-2-1160x665.jpg 1160w\" sizes=\"auto, (max-width: 960px) 100vw, 960px\" \/>\t\n\t\t<\/div>\n\t<!-- \/image-wrap -->\n    \n    \t<\/div>\n<!-- \/module image -->                    <\/div><!-- .tb-column-inner -->\n                            <\/div><!-- .module_column -->\n                        <div  data-lazy=\"1\" class=\"module_column sub_column col4-3 tb_rmib630 last\">\n                                                        <div class=\"tb-column-inner tf_box tf_w\">\n                        <!-- module text -->\n<div  class=\"module module-text tb_ael1630   \" data-lazy=\"1\">\n        <div  class=\"tb_text_wrap\">\n    <p>Parab\u00e9ns!!<\/p>    <\/div>\n<\/div>\n<!-- \/module text --><!-- module text -->\n<div  class=\"module module-text tb_1o5l630   \" data-lazy=\"1\">\n        <div  class=\"tb_text_wrap\">\n    <p>E nesta primeira desloca\u00e7\u00e3o 2021 parabenizamos os nossos atletas e as nossas atletas da modalidade de Dan\u00e7as de Sal\u00e3o!<\/p>    <\/div>\n<\/div>\n<!-- \/module text --><!-- module text -->\n<div  class=\"module module-text tb_hmij630   \" data-lazy=\"1\">\n        <div  class=\"tb_text_wrap\">\n    <p>Depois do nervosismo, do glamour da pista e de toda a anima\u00e7\u00e3o, o mais importante foi a uni\u00e3o deste grupo e das conquistas que mais uma vez conseguiram, uns com lugares, outros com mais experi\u00eancia para a pr\u00f3xima competi\u00e7\u00e3o!<\/p>\n<p>\u00a0<\/p>    <\/div>\n<\/div>\n<!-- \/module text -->                    <\/div><!-- .tb-column-inner -->\n                            <\/div><!-- .module_column -->\n            \t    <\/div><!-- .subrow_inner -->\n\t<\/div><!-- .themify_builder_sub_row -->\n\t                    <\/div><!-- .tb-column-inner -->\n                            <\/div><!-- .module_column -->\n                        <div  data-lazy=\"1\" class=\"module_column tb-column col3-1 tb_vb07962 last\">\n                                                        <div class=\"tb-column-inner tf_box tf_w\">\n                        <!-- module widget -->\n<div  class=\"module module-widget tb_qxsm729  \" data-lazy=\"1\">\n\t\n\t\t<div class=\"widget widget_recent_entries\">\n\t\t<h2 class=\"widgettitle\">\u00daltimas Not\u00edcias<\/h2>\n\t\t<ul>\n\t\t\t\t\t\t\t\t\t\t\t<li>\n\t\t\t\t\t<a href=\"https:\/\/udcas.pt\/site\/2026\/04\/29\/capt_futsal-20262027\/\">Capta\u00e7\u00f5es FUTSAL 2026-2027<\/a>\n\t\t\t\t\t\t\t\t\t\t\t<span class=\"post-date\">2026-04-29<\/span>\n\t\t\t\t\t\t\t\t\t<\/li>\n\t\t\t\t\t\t\t\t\t\t\t<li>\n\t\t\t\t\t<a href=\"https:\/\/udcas.pt\/site\/2026\/04\/28\/alugcampoepav-20262027\/\">Aluguer de Pavilh\u00e3o e Campo<\/a>\n\t\t\t\t\t\t\t\t\t\t\t<span class=\"post-date\">2026-04-28<\/span>\n\t\t\t\t\t\t\t\t\t<\/li>\n\t\t\t\t\t\t\t\t\t\t\t<li>\n\t\t\t\t\t<a href=\"https:\/\/udcas.pt\/site\/2022\/03\/14\/wac_2022\/\">WAC 2022<\/a>\n\t\t\t\t\t\t\t\t\t\t\t<span class=\"post-date\">2022-03-14<\/span>\n\t\t\t\t\t\t\t\t\t<\/li>\n\t\t\t\t\t<\/ul>\n\n\t\t<\/div><\/div>\n<!-- \/module widget -->\n                    <\/div><!-- .tb-column-inner -->\n                            <\/div><!-- .module_column -->\n            \t    <\/div><!-- .row_inner -->\n\t<\/div><!-- .module_row -->\n\t\t\t\t<!-- module_row -->\n\t<div  data-lazy=\"1\" class=\"module_row themify_builder_row tb_u30w843 tf_w tf_clearfix\">\n\t    \t\t\t<div class=\"row_inner col_align_top tb_col_count_1 tf_box tf_rel\">\n\t\t            <div  data-lazy=\"1\" class=\"module_column tb-column col-full tb_hflp844 first\">\n                                                        <div class=\"tb-column-inner tf_box tf_w\">\n                        \t<div  data-lazy=\"1\" class=\"module_subrow themify_builder_sub_row tb_b37f846 tf_w tf_clearfix\">\n\t    \t\t\t<div class=\"subrow_inner col_align_top tb_col_count_1 tf_box tf_w\">\n\t\t            <div  data-lazy=\"1\" class=\"module_column sub_column col-full tb_oxtw846 first\">\n                                                        <div class=\"tb-column-inner tf_box tf_w\">\n                        <!-- module text -->\n<div  class=\"module module-text tb_d4hl846   \" data-lazy=\"1\">\n        <div  class=\"tb_text_wrap\">\n    <p><strong>Resultados individuais:<\/strong><\/p>    <\/div>\n<\/div>\n<!-- \/module text -->                    <\/div><!-- .tb-column-inner -->\n                            <\/div><!-- .module_column -->\n            \t    <\/div><!-- .subrow_inner -->\n\t<\/div><!-- .themify_builder_sub_row -->\n\t\t<div  data-lazy=\"1\" class=\"module_subrow themify_builder_sub_row tb_j83j847 tf_w tf_clearfix\">\n\t    \t\t\t<div class=\"subrow_inner col_align_top tb_col_count_2 tf_box tf_w\">\n\t\t            <div  data-lazy=\"1\" class=\"module_column sub_column col2-1 tb_12aa847 first\">\n                                                        <div class=\"tb-column-inner tf_box tf_w\">\n                        <!-- module text -->\n<div  class=\"module module-text tb_h8m5847   \" data-lazy=\"1\">\n        <div  class=\"tb_text_wrap\">\n    <p><strong>Solo Juvenil Iniciados<\/strong><\/p>\n<ul>\n<li>Abigail Umanets &#8211; Latina 1 (Lat1): 7\u00b0-9\u00b0; Latina 2 (Lat2): 4\u00ba<\/li>\n<li>Catarina Nesterova &#8211; Lat1: 7\u00ba-9\u00b0; Lat2: 8\u00b0-9\u00b0<\/li>\n<li>\u00a0\u00cdris Ribeiro &#8211; Lat1: 6\u00ba; Lat2: 3\u00ba<\/li>\n<li>Lara Grigorean &#8211; Lat1 1\u00ba; Lat2 1\u00ba<\/li>\n<li>Leonor Bai\u00e3o &#8211; Lat1 4\u00ba; Lat2 5\u00ba<\/li>\n<li>S\u00e9rgio Tataru &#8211; Lat1 10\u00ba ; Lat2 8\u00ba-9\u00b0<\/li>\n<li>Sofia Popov &#8211; Lat1 7\u00ba-9\u00b0; Lat2 9\u00b0<\/li>\n<\/ul>    <\/div>\n<\/div>\n<!-- \/module text -->                    <\/div><!-- .tb-column-inner -->\n                            <\/div><!-- .module_column -->\n                        <div  data-lazy=\"1\" class=\"module_column sub_column col2-1 tb_wvwi847 last\">\n                                                        <div class=\"tb-column-inner tf_box tf_w\">\n                        <!-- module text -->\n<div  class=\"module module-text tb_ih1j847   \" data-lazy=\"1\">\n        <div  class=\"tb_text_wrap\">\n    <p><strong>Solo J\u00fanior Iniciados<\/strong><\/p>\n<ul>\n<li>Iara Fonseca &#8211; Lat1 3\u00ba; Lat2 4\u00ba<\/li>\n<\/ul>    <\/div>\n<\/div>\n<!-- \/module text --><!-- module divider -->\n<div  class=\"module tf_mw module-divider tb_6vq2847 solid   \" style=\"border-width: 1px;border-color: #f01616;\" data-lazy=\"1\">\n    <\/div>\n<!-- \/module divider -->\n<!-- module text -->\n<div  class=\"module module-text tb_nlcd847   \" data-lazy=\"1\">\n        <div  class=\"tb_text_wrap\">\n    <p><strong>Solo Adultos Iniciados<\/strong><\/p>\n<ul>\n<li>Marta Palmeira &#8211; Lat1: 1\u00ba ; Lat2: 1\u00ba<\/li>\n<\/ul>    <\/div>\n<\/div>\n<!-- \/module text --><!-- module divider -->\n<div  class=\"module tf_mw module-divider tb_gl4r847 solid   \" style=\"border-width: 1px;border-color: #f01616;\" data-lazy=\"1\">\n    <\/div>\n<!-- \/module divider -->\n<!-- module text -->\n<div  class=\"module module-text tb_qhi4848   \" data-lazy=\"1\">\n        <div  class=\"tb_text_wrap\">\n    <p><strong>Solo J\u00fanior Interm\u00e9dios<\/strong><\/p>\n<ul>\n<li>Rodrigo Monteiro &#8211; Lat1 2\u00ba ; Lat2 2\u00ba<\/li>\n<\/ul>    <\/div>\n<\/div>\n<!-- \/module text -->                    <\/div><!-- .tb-column-inner -->\n                            <\/div><!-- .module_column -->\n            \t    <\/div><!-- .subrow_inner -->\n\t<\/div><!-- .themify_builder_sub_row -->\n\t\t<div  data-lazy=\"1\" class=\"module_subrow themify_builder_sub_row tb_ina2848 tf_w tf_clearfix\">\n\t    \t\t\t<div class=\"subrow_inner col_align_top tb_col_count_1 tf_box tf_w\">\n\t\t            <div  data-lazy=\"1\" class=\"module_column sub_column col-full tb_8qyw848 first\">\n                                                        <div class=\"tb-column-inner tf_box tf_w\">\n                        <!-- module text -->\n<div  class=\"module module-text tb_ehvd848   \" data-lazy=\"1\">\n        <div  class=\"tb_text_wrap\">\n    <div>N\u00e3o podemos deixar de agradecer todo o apoio da Carla Cabeleireiros que mais uma vez tornou poss\u00edvel existir mais brilho na pista, assim como grandes professores Miguel Nabeto e Cl\u00e1udia Jesus que est\u00e3o sempre connosco!<\/div>\n<div><br \/>N\u00e3o menos importante, ali\u00e1s, a eles muito se deve este trabalho&#8230; obrigado atletas, pais e&#8230; Eduino Andrade e Carolina Gon\u00e7alves!<span style=\"color: #888888;\"><br \/><\/span><\/div>\n<div>\u00a0<\/div>    <\/div>\n<\/div>\n<!-- \/module text -->                    <\/div><!-- .tb-column-inner -->\n                            <\/div><!-- .module_column -->\n            \t    <\/div><!-- .subrow_inner -->\n\t<\/div><!-- .themify_builder_sub_row -->\n\t                    <\/div><!-- .tb-column-inner -->\n                            <\/div><!-- .module_column -->\n            \t    <\/div><!-- .row_inner -->\n\t<\/div><!-- .module_row -->\n\t\t\t\t<!-- module_row -->\n\t<div  data-lazy=\"1\" class=\"module_row themify_builder_row tb_xha3872 tf_w tf_clearfix\">\n\t    \t\t\t<div class=\"row_inner col_align_top tb_col_count_1 tf_box tf_rel\">\n\t\t            <div  data-lazy=\"1\" class=\"module_column tb-column col-full tb_oheh873 first\">\n                                                        <div class=\"tb-column-inner tf_box tf_w\">\n                        <!-- module divider -->\n<div  class=\"module tf_mw module-divider tb_aqzq873 solid   \" style=\"border-width: 3px;border-color: #f01616;\" data-lazy=\"1\">\n    <\/div>\n<!-- \/module divider -->\n<!-- module divider -->\n<div  class=\"module tf_mw module-divider tb_hqx0873 solid    hide-desktop hide-tablet hide-tablet_landscape hide-mobile\" style=\"border-width: 3px;border-color: #f01616;\" data-lazy=\"1\">\n    <\/div>\n<!-- \/module divider -->\n                    <\/div><!-- .tb-column-inner -->\n                            <\/div><!-- .module_column -->\n            \t    <\/div><!-- .row_inner -->\n\t<\/div><!-- .module_row -->\n\t<\/div>\n<!--\/themify_builder_content-->","protected":false},"excerpt":{"rendered":"<p>E nesta primeira desloca\u00e7\u00e3o 2021 parabenizamos os nossos atletas e as nossas atletas da modalidade de Dan\u00e7as de Sal\u00e3o!<\/p>\n","protected":false},"author":1,"featured_media":715,"comment_status":"closed","ping_status":"closed","sticky":false,"template":"","format":"standard","meta":{"_uag_custom_page_level_css":"","footnotes":""},"categories":[13],"tags":[],"class_list":["post-782","post","type-post","status-publish","format-standard","has-post-thumbnail","hentry","category-desporto","has-post-title","has-post-date","has-post-category","has-post-tag","has-post-comment","has-post-author",""],"uagb_featured_image_src":{"full":["https:\/\/udcas.pt\/site\/wp-content\/uploads\/2021\/06\/Noticia-2.jpg",960,549,false],"thumbnail":["https:\/\/udcas.pt\/site\/wp-content\/uploads\/2021\/06\/Noticia-2-150x150.jpg",150,150,true],"medium":["https:\/\/udcas.pt\/site\/wp-content\/uploads\/2021\/06\/Noticia-2-300x172.jpg",300,172,true],"medium_large":["https:\/\/udcas.pt\/site\/wp-content\/uploads\/2021\/06\/Noticia-2-768x439.jpg",768,439,true],"large":["https:\/\/udcas.pt\/site\/wp-content\/uploads\/2021\/06\/Noticia-2.jpg",960,549,false],"1536x1536":["https:\/\/udcas.pt\/site\/wp-content\/uploads\/2021\/06\/Noticia-2.jpg",960,549,false],"2048x2048":["https:\/\/udcas.pt\/site\/wp-content\/uploads\/2021\/06\/Noticia-2.jpg",960,549,false]},"uagb_author_info":{"display_name":"ADM_UDCAS","author_link":"https:\/\/udcas.pt\/site\/author\/adm_udcas\/"},"uagb_comment_info":0,"uagb_excerpt":"E nesta primeira desloca\u00e7\u00e3o 2021 parabenizamos os nossos atletas e as nossas atletas da modalidade de Dan\u00e7as de Sal\u00e3o!","builder_content":"<img src=\"https:\/\/udcas.pt\/site\/wp-content\/uploads\/2021\/06\/Noticia-2.jpg\" title=\"Not\u00edcia 2\" alt=\"Not\u00edcia 2\" srcset=\"https:\/\/udcas.pt\/site\/wp-content\/uploads\/2021\/06\/Noticia-2.jpg 960w, https:\/\/udcas.pt\/site\/wp-content\/uploads\/2021\/06\/Noticia-2-300x172.jpg 300w, https:\/\/udcas.pt\/site\/wp-content\/uploads\/2021\/06\/Noticia-2-768x439.jpg 768w, https:\/\/udcas.pt\/site\/wp-content\/uploads\/2021\/06\/Noticia-2-1259x720.jpg 1259w, https:\/\/udcas.pt\/site\/wp-content\/uploads\/2021\/06\/Noticia-2-1160x665.jpg 1160w\" sizes=\"(max-width: 960px) 100vw, 960px\" \/>\n<p>Parab\u00e9ns!!<\/p>\n<p>E nesta primeira desloca\u00e7\u00e3o 2021 parabenizamos os nossos atletas e as nossas atletas da modalidade de Dan\u00e7as de Sal\u00e3o!<\/p>\n<p>Depois do nervosismo, do glamour da pista e de toda a anima\u00e7\u00e3o, o mais importante foi a uni\u00e3o deste grupo e das conquistas que mais uma vez conseguiram, uns com lugares, outros com mais experi\u00eancia para a pr\u00f3xima competi\u00e7\u00e3o!<\/p> <p>\u00a0<\/p>\n<h2>\u00daltimas Not\u00edcias<\/h2> <ul> <li> <a href=\"https:\/\/udcas.pt\/site\/2026\/04\/29\/capt_futsal-20262027\/\">Capta\u00e7\u00f5es FUTSAL 2026-2027<\/a> 2026-04-29 <\/li> <li> <a href=\"https:\/\/udcas.pt\/site\/2026\/04\/28\/alugcampoepav-20262027\/\">Aluguer de Pavilh\u00e3o e Campo<\/a> 2026-04-28 <\/li> <li> <a href=\"https:\/\/udcas.pt\/site\/2022\/03\/14\/wac_2022\/\">WAC 2022<\/a> 2022-03-14 <\/li> <\/ul>\n<p><strong>Resultados individuais:<\/strong><\/p>\n<p><strong>Solo Juvenil Iniciados<\/strong><\/p> <ul> <li>Abigail Umanets - Latina 1 (Lat1): 7\u00b0-9\u00b0; Latina 2 (Lat2): 4\u00ba<\/li> <li>Catarina Nesterova - Lat1: 7\u00ba-9\u00b0; Lat2: 8\u00b0-9\u00b0<\/li> <li>\u00a0\u00cdris Ribeiro - Lat1: 6\u00ba; Lat2: 3\u00ba<\/li> <li>Lara Grigorean - Lat1 1\u00ba; Lat2 1\u00ba<\/li> <li>Leonor Bai\u00e3o - Lat1 4\u00ba; Lat2 5\u00ba<\/li> <li>S\u00e9rgio Tataru - Lat1 10\u00ba ; Lat2 8\u00ba-9\u00b0<\/li> <li>Sofia Popov - Lat1 7\u00ba-9\u00b0; Lat2 9\u00b0<\/li> <\/ul>\n<p><strong>Solo J\u00fanior Iniciados<\/strong><\/p> <ul> <li>Iara Fonseca - Lat1 3\u00ba; Lat2 4\u00ba<\/li> <\/ul>\n\n<p><strong>Solo Adultos Iniciados<\/strong><\/p> <ul> <li>Marta Palmeira - Lat1: 1\u00ba ; Lat2: 1\u00ba<\/li> <\/ul>\n\n<p><strong>Solo J\u00fanior Interm\u00e9dios<\/strong><\/p> <ul> <li>Rodrigo Monteiro - Lat1 2\u00ba ; Lat2 2\u00ba<\/li> <\/ul>\nN\u00e3o podemos deixar de agradecer todo o apoio da Carla Cabeleireiros que mais uma vez tornou poss\u00edvel existir mais brilho na pista, assim como grandes professores Miguel Nabeto e Cl\u00e1udia Jesus que est\u00e3o sempre connosco! <br \/>N\u00e3o menos importante, ali\u00e1s, a eles muito se deve este trabalho... obrigado atletas, pais e... Eduino Andrade e Carolina Gon\u00e7alves!<br \/> \u00a0\n\n","_links":{"self":[{"href":"https:\/\/udcas.pt\/site\/wp-json\/wp\/v2\/posts\/782","targetHints":{"allow":["GET"]}}],"collection":[{"href":"https:\/\/udcas.pt\/site\/wp-json\/wp\/v2\/posts"}],"about":[{"href":"https:\/\/udcas.pt\/site\/wp-json\/wp\/v2\/types\/post"}],"author":[{"embeddable":true,"href":"https:\/\/udcas.pt\/site\/wp-json\/wp\/v2\/users\/1"}],"replies":[{"embeddable":true,"href":"https:\/\/udcas.pt\/site\/wp-json\/wp\/v2\/comments?post=782"}],"version-history":[{"count":22,"href":"https:\/\/udcas.pt\/site\/wp-json\/wp\/v2\/posts\/782\/revisions"}],"predecessor-version":[{"id":954,"href":"https:\/\/udcas.pt\/site\/wp-json\/wp\/v2\/posts\/782\/revisions\/954"}],"wp:featuredmedia":[{"embeddable":true,"href":"https:\/\/udcas.pt\/site\/wp-json\/wp\/v2\/media\/715"}],"wp:attachment":[{"href":"https:\/\/udcas.pt\/site\/wp-json\/wp\/v2\/media?parent=782"}],"wp:term":[{"taxonomy":"category","embeddable":true,"href":"https:\/\/udcas.pt\/site\/wp-json\/wp\/v2\/categories?post=782"},{"taxonomy":"post_tag","embeddable":true,"href":"https:\/\/udcas.pt\/site\/wp-json\/wp\/v2\/tags?post=782"}],"curies":[{"name":"wp","href":"https:\/\/api.w.org\/{rel}","templated":true}]}}