{"id":855,"date":"2020-12-15T15:54:00","date_gmt":"2020-12-15T15:54:00","guid":{"rendered":"https:\/\/udcas.pt\/site\/?p=855"},"modified":"2021-11-22T11:52:41","modified_gmt":"2021-11-22T11:52:41","slug":"46-anos","status":"publish","type":"post","link":"https:\/\/udcas.pt\/site\/2020\/12\/15\/46-anos\/","title":{"rendered":"46 Anos"},"content":{"rendered":"<!--themify_builder_content-->\n<div id=\"themify_builder_content-855\" data-postid=\"855\" class=\"themify_builder_content themify_builder_content-855 themify_builder tf_clear\">\n    \t\t\t<!-- module_row -->\n\t<div  data-lazy=\"1\" class=\"module_row themify_builder_row tb_1udj30 tb_first tf_w tf_clearfix\">\n\t    \t\t\t<div class=\"row_inner col_align_top tb_col_count_2 tf_box tf_rel\">\n\t\t            <div  data-lazy=\"1\" class=\"module_column tb-column col3-2 tb_x73b30 first\">\n                                                        <div class=\"tb-column-inner tf_box tf_w\">\n                        \t<div  data-lazy=\"1\" class=\"module_subrow themify_builder_sub_row tb_t9a331 tf_w tf_clearfix\">\n\t    \t\t\t<div class=\"subrow_inner col_align_top tb_col_count_1 tf_box tf_w\">\n\t\t            <div  data-lazy=\"1\" class=\"module_column sub_column col-full tb_pdsg31 first\">\n                                                        <div class=\"tb-column-inner tf_box tf_w\">\n                        <!-- module text -->\n<div  class=\"module module-text tb_ifx132   \" data-lazy=\"1\">\n        <div  class=\"tb_text_wrap\">\n    <p>Foi precisamente h\u00e1 46 anos, a 15 de dezembro de 1974, que atrav\u00e9s da primeira ata desta associa\u00e7\u00e3o, cinco jovens oficializaram a cria\u00e7\u00e3o da UDCAS. M\u00e1rio Salvador, Carlos Lizardo, Carlos Lib\u00e2nio, Arnaldo Henriques e V\u00edtor Oliveira, iniciando uma etapa com grandes marcos hist\u00f3ricos na vida, no dinamismo e rotina na Aldeia do Sobralinho.<\/p>    <\/div>\n<\/div>\n<!-- \/module text --><!-- module text -->\n<div  class=\"module module-text tb_sy4g33   \" data-lazy=\"1\">\n        <div  class=\"tb_text_wrap\">\n    <p>Mas n\u00e3o foi s\u00f3 o ano de 1974, de facto bastante marcante na hist\u00f3ria do nosso pa\u00eds, que fez hist\u00f3ria na UDCAS.<\/p>    <\/div>\n<\/div>\n<!-- \/module text --><!-- module text -->\n<div  class=\"module module-text tb_wrto33   \" data-lazy=\"1\">\n        <div  class=\"tb_text_wrap\">\n    <p>An\u00edbal Lizardo, Lu\u00eds Augusto, Carlos Salvador, Henrique Peixeiro, Dario da Silva, Florentino Nascimento, V\u00edtor Reis, Humberto Andr\u00e9, An\u00edbal Duarte, Joaquim Silva, Joaquim Ferreira, J\u00falio Pina, Manuel do Carmo, Fernando Fontes, Jos\u00e9 Manuel Peixeiro, M\u00f3nica Ribeiro, Francisco Tavares, Manuel Coelho, Paulo Vieira, Ivo Gon\u00e7alves e Ricardo Martins, meus antecessores na fun\u00e7\u00e3o de Presidente de Dire\u00e7\u00e3o, foram os rostos de uma equipa bastante vasta que ao longo de 46 anos mostraram que o Associativismo \u00e9 um pilar essencial na nossa sociedade.<\/p>    <\/div>\n<\/div>\n<!-- \/module text -->                    <\/div><!-- .tb-column-inner -->\n                            <\/div><!-- .module_column -->\n            \t    <\/div><!-- .subrow_inner -->\n\t<\/div><!-- .themify_builder_sub_row -->\n\t                    <\/div><!-- .tb-column-inner -->\n                            <\/div><!-- .module_column -->\n                        <div  data-lazy=\"1\" class=\"module_column tb-column col3-1 tb_lqj6705 last\">\n                                                        <div class=\"tb-column-inner tf_box tf_w\">\n                        <!-- module widget -->\n<div  class=\"module module-widget tb_lmdq321  \" data-lazy=\"1\">\n\t\n\t\t<div class=\"widget widget_recent_entries\">\n\t\t<h2 class=\"widgettitle\">\u00daltimas Not\u00edcias<\/h2>\n\t\t<ul>\n\t\t\t\t\t\t\t\t\t\t\t<li>\n\t\t\t\t\t<a href=\"https:\/\/udcas.pt\/site\/2026\/04\/29\/capt_futsal-20262027\/\">Capta\u00e7\u00f5es FUTSAL 2026-2027<\/a>\n\t\t\t\t\t\t\t\t\t\t\t<span class=\"post-date\">2026-04-29<\/span>\n\t\t\t\t\t\t\t\t\t<\/li>\n\t\t\t\t\t\t\t\t\t\t\t<li>\n\t\t\t\t\t<a href=\"https:\/\/udcas.pt\/site\/2026\/04\/28\/alugcampoepav-20262027\/\">Aluguer de Pavilh\u00e3o e Campo<\/a>\n\t\t\t\t\t\t\t\t\t\t\t<span class=\"post-date\">2026-04-28<\/span>\n\t\t\t\t\t\t\t\t\t<\/li>\n\t\t\t\t\t\t\t\t\t\t\t<li>\n\t\t\t\t\t<a href=\"https:\/\/udcas.pt\/site\/2022\/03\/14\/wac_2022\/\">WAC 2022<\/a>\n\t\t\t\t\t\t\t\t\t\t\t<span class=\"post-date\">2022-03-14<\/span>\n\t\t\t\t\t\t\t\t\t<\/li>\n\t\t\t\t\t<\/ul>\n\n\t\t<\/div><\/div>\n<!-- \/module widget -->\n                    <\/div><!-- .tb-column-inner -->\n                            <\/div><!-- .module_column -->\n            \t    <\/div><!-- .row_inner -->\n\t<\/div><!-- .module_row -->\n\t\t\t\t<!-- module_row -->\n\t<div  data-lazy=\"1\" class=\"module_row themify_builder_row tb_1rwd352 tf_w tf_clearfix\">\n\t    \t\t\t<div class=\"row_inner col_align_top tb_col_count_1 tf_box tf_rel\">\n\t\t            <div  data-lazy=\"1\" class=\"module_column tb-column col-full tb_nx7s352 first\">\n                                                        <div class=\"tb-column-inner tf_box tf_w\">\n                        <!-- module text -->\n<div  class=\"module module-text tb_awv4352   \" data-lazy=\"1\">\n        <div  class=\"tb_text_wrap\">\n    <p>Os tempos evolu\u00edram e hoje a realidade \u00e9 bem mais complexa, n\u00e3o s\u00f3 \u00e0 exig\u00eancia administrativa, contabil\u00edstica, fiscal e mesmo ao desafio que \u00e9 organizar iniciativas e quase \u201cconvencer\u201d a popula\u00e7\u00e3o a aderir, a participar ou simplesmente querer juntar-se como associada.<\/p>    <\/div>\n<\/div>\n<!-- \/module text --><!-- module text -->\n<div  class=\"module module-text tb_sjs4352   \" data-lazy=\"1\">\n        <div  class=\"tb_text_wrap\">\n    <p>Os tempos evolu\u00edram e hoje a realidade \u00e9 bem mais complexa, n\u00e3o s\u00f3 \u00e0 exig\u00eancia administrativa, contabil\u00edstica, fiscal e mesmo ao desafio que \u00e9 organizar iniciativas e quase \u201cconvencer\u201d a popula\u00e7\u00e3o a aderir, a participar ou simplesmente querer juntar-se como associada.<\/p>    <\/div>\n<\/div>\n<!-- \/module text --><!-- module text -->\n<div  class=\"module module-text tb_r79p353   \" data-lazy=\"1\">\n        <div  class=\"tb_text_wrap\">\n    <p>Hoje em dia, e principalmente este ano at\u00edpico, vivemos tempos em que o apoio das autarquias (C\u00e2mara Municipal e Junta de Freguesia) s\u00e3o fundamentais para a sobreviv\u00eancia do Movimento Associativo.<\/p>    <\/div>\n<\/div>\n<!-- \/module text --><!-- module text -->\n<div  class=\"module module-text tb_zipv353   \" data-lazy=\"1\">\n        <div  class=\"tb_text_wrap\">\n    <p>Nestes \u00faltimos anos, esta Dire\u00e7\u00e3o tem apostado numa requalifica\u00e7\u00e3o dos v\u00e1rios espa\u00e7os da UDCAS, como o pavilh\u00e3o, a sede e mesmo a manuten\u00e7\u00e3o do ringue e espa\u00e7o desportivo. Tem sido feito uma enorme aposta no Desporto, tendo atualmente mais de 100 atletas que ao longo da semana se deslocam ao Largo da UDCAS para praticarem Dan\u00e7as de Sal\u00e3o, Fitness e Kempo.<\/p>    <\/div>\n<\/div>\n<!-- \/module text --><!-- module text -->\n<div  class=\"module module-text tb_1qlc353   \" data-lazy=\"1\">\n        <div  class=\"tb_text_wrap\">\n    <p>Mas todo este esfor\u00e7o di\u00e1rio s\u00f3 \u00e9 poss\u00edvel como o voluntariado de todos os membros dos \u00f3rg\u00e3os sociais que vestem a camisola UDCAS e dizem \u201cpresente\u201d, assim como a todos os treinadores e instrutores, atletas, pais e encarregados de educa\u00e7\u00e3o, associados e trabalhadoras que n\u00e3o deixam esta associa\u00e7\u00e3o cair!<\/p>    <\/div>\n<\/div>\n<!-- \/module text --><!-- module text -->\n<div  class=\"module module-text tb_qn9m353   \" data-lazy=\"1\">\n        <div  class=\"tb_text_wrap\">\n    <p>A todos n\u00f3s, \u00e0 nossa UDCAS, <strong>PARAB\u00c9NS<\/strong>!<\/p>    <\/div>\n<\/div>\n<!-- \/module text -->                    <\/div><!-- .tb-column-inner -->\n                            <\/div><!-- .module_column -->\n            \t    <\/div><!-- .row_inner -->\n\t<\/div><!-- .module_row -->\n\t<\/div>\n<!--\/themify_builder_content-->","protected":false},"excerpt":{"rendered":"<p>Foi precisamente h\u00e1 46 anos, a 15 de dezembro de 1974, que atrav\u00e9s da primeira ata desta associa\u00e7\u00e3o, cinco jovens oficializaram a cria\u00e7\u00e3o da UDCAS.<\/p>\n","protected":false},"author":1,"featured_media":583,"comment_status":"closed","ping_status":"closed","sticky":false,"template":"","format":"standard","meta":{"_uag_custom_page_level_css":"","footnotes":""},"categories":[14],"tags":[],"class_list":["post-855","post","type-post","status-publish","format-standard","has-post-thumbnail","hentry","category-notudcas","has-post-title","has-post-date","has-post-category","has-post-tag","has-post-comment","has-post-author",""],"uagb_featured_image_src":{"full":["https:\/\/udcas.pt\/site\/wp-content\/uploads\/2020\/12\/Aniversario-UDCAS.jpeg",749,749,false],"thumbnail":["https:\/\/udcas.pt\/site\/wp-content\/uploads\/2020\/12\/Aniversario-UDCAS-150x150.jpeg",150,150,true],"medium":["https:\/\/udcas.pt\/site\/wp-content\/uploads\/2020\/12\/Aniversario-UDCAS-300x300.jpeg",300,300,true],"medium_large":["https:\/\/udcas.pt\/site\/wp-content\/uploads\/2020\/12\/Aniversario-UDCAS.jpeg",749,749,false],"large":["https:\/\/udcas.pt\/site\/wp-content\/uploads\/2020\/12\/Aniversario-UDCAS.jpeg",749,749,false],"1536x1536":["https:\/\/udcas.pt\/site\/wp-content\/uploads\/2020\/12\/Aniversario-UDCAS.jpeg",749,749,false],"2048x2048":["https:\/\/udcas.pt\/site\/wp-content\/uploads\/2020\/12\/Aniversario-UDCAS.jpeg",749,749,false]},"uagb_author_info":{"display_name":"ADM_UDCAS","author_link":"https:\/\/udcas.pt\/site\/author\/adm_udcas\/"},"uagb_comment_info":0,"uagb_excerpt":"Foi precisamente h\u00e1 46 anos, a 15 de dezembro de 1974, que atrav\u00e9s da primeira ata desta associa\u00e7\u00e3o, cinco jovens oficializaram a cria\u00e7\u00e3o da UDCAS.","builder_content":"<p>Foi precisamente h\u00e1 46 anos, a 15 de dezembro de 1974, que atrav\u00e9s da primeira ata desta associa\u00e7\u00e3o, cinco jovens oficializaram a cria\u00e7\u00e3o da UDCAS. M\u00e1rio Salvador, Carlos Lizardo, Carlos Lib\u00e2nio, Arnaldo Henriques e V\u00edtor Oliveira, iniciando uma etapa com grandes marcos hist\u00f3ricos na vida, no dinamismo e rotina na Aldeia do Sobralinho.<\/p>\n<p>Mas n\u00e3o foi s\u00f3 o ano de 1974, de facto bastante marcante na hist\u00f3ria do nosso pa\u00eds, que fez hist\u00f3ria na UDCAS.<\/p>\n<p>An\u00edbal Lizardo, Lu\u00eds Augusto, Carlos Salvador, Henrique Peixeiro, Dario da Silva, Florentino Nascimento, V\u00edtor Reis, Humberto Andr\u00e9, An\u00edbal Duarte, Joaquim Silva, Joaquim Ferreira, J\u00falio Pina, Manuel do Carmo, Fernando Fontes, Jos\u00e9 Manuel Peixeiro, M\u00f3nica Ribeiro, Francisco Tavares, Manuel Coelho, Paulo Vieira, Ivo Gon\u00e7alves e Ricardo Martins, meus antecessores na fun\u00e7\u00e3o de Presidente de Dire\u00e7\u00e3o, foram os rostos de uma equipa bastante vasta que ao longo de 46 anos mostraram que o Associativismo \u00e9 um pilar essencial na nossa sociedade.<\/p>\n<h2>\u00daltimas Not\u00edcias<\/h2> <ul> <li> <a href=\"https:\/\/udcas.pt\/site\/2026\/04\/29\/capt_futsal-20262027\/\">Capta\u00e7\u00f5es FUTSAL 2026-2027<\/a> 2026-04-29 <\/li> <li> <a href=\"https:\/\/udcas.pt\/site\/2026\/04\/28\/alugcampoepav-20262027\/\">Aluguer de Pavilh\u00e3o e Campo<\/a> 2026-04-28 <\/li> <li> <a href=\"https:\/\/udcas.pt\/site\/2022\/03\/14\/wac_2022\/\">WAC 2022<\/a> 2022-03-14 <\/li> <\/ul>\n<p>Os tempos evolu\u00edram e hoje a realidade \u00e9 bem mais complexa, n\u00e3o s\u00f3 \u00e0 exig\u00eancia administrativa, contabil\u00edstica, fiscal e mesmo ao desafio que \u00e9 organizar iniciativas e quase \u201cconvencer\u201d a popula\u00e7\u00e3o a aderir, a participar ou simplesmente querer juntar-se como associada.<\/p>\n<p>Os tempos evolu\u00edram e hoje a realidade \u00e9 bem mais complexa, n\u00e3o s\u00f3 \u00e0 exig\u00eancia administrativa, contabil\u00edstica, fiscal e mesmo ao desafio que \u00e9 organizar iniciativas e quase \u201cconvencer\u201d a popula\u00e7\u00e3o a aderir, a participar ou simplesmente querer juntar-se como associada.<\/p>\n<p>Hoje em dia, e principalmente este ano at\u00edpico, vivemos tempos em que o apoio das autarquias (C\u00e2mara Municipal e Junta de Freguesia) s\u00e3o fundamentais para a sobreviv\u00eancia do Movimento Associativo.<\/p>\n<p>Nestes \u00faltimos anos, esta Dire\u00e7\u00e3o tem apostado numa requalifica\u00e7\u00e3o dos v\u00e1rios espa\u00e7os da UDCAS, como o pavilh\u00e3o, a sede e mesmo a manuten\u00e7\u00e3o do ringue e espa\u00e7o desportivo. Tem sido feito uma enorme aposta no Desporto, tendo atualmente mais de 100 atletas que ao longo da semana se deslocam ao Largo da UDCAS para praticarem Dan\u00e7as de Sal\u00e3o, Fitness e Kempo.<\/p>\n<p>Mas todo este esfor\u00e7o di\u00e1rio s\u00f3 \u00e9 poss\u00edvel como o voluntariado de todos os membros dos \u00f3rg\u00e3os sociais que vestem a camisola UDCAS e dizem \u201cpresente\u201d, assim como a todos os treinadores e instrutores, atletas, pais e encarregados de educa\u00e7\u00e3o, associados e trabalhadoras que n\u00e3o deixam esta associa\u00e7\u00e3o cair!<\/p>\n<p>A todos n\u00f3s, \u00e0 nossa UDCAS, <strong>PARAB\u00c9NS<\/strong>!<\/p>","_links":{"self":[{"href":"https:\/\/udcas.pt\/site\/wp-json\/wp\/v2\/posts\/855","targetHints":{"allow":["GET"]}}],"collection":[{"href":"https:\/\/udcas.pt\/site\/wp-json\/wp\/v2\/posts"}],"about":[{"href":"https:\/\/udcas.pt\/site\/wp-json\/wp\/v2\/types\/post"}],"author":[{"embeddable":true,"href":"https:\/\/udcas.pt\/site\/wp-json\/wp\/v2\/users\/1"}],"replies":[{"embeddable":true,"href":"https:\/\/udcas.pt\/site\/wp-json\/wp\/v2\/comments?post=855"}],"version-history":[{"count":8,"href":"https:\/\/udcas.pt\/site\/wp-json\/wp\/v2\/posts\/855\/revisions"}],"predecessor-version":[{"id":863,"href":"https:\/\/udcas.pt\/site\/wp-json\/wp\/v2\/posts\/855\/revisions\/863"}],"wp:featuredmedia":[{"embeddable":true,"href":"https:\/\/udcas.pt\/site\/wp-json\/wp\/v2\/media\/583"}],"wp:attachment":[{"href":"https:\/\/udcas.pt\/site\/wp-json\/wp\/v2\/media?parent=855"}],"wp:term":[{"taxonomy":"category","embeddable":true,"href":"https:\/\/udcas.pt\/site\/wp-json\/wp\/v2\/categories?post=855"},{"taxonomy":"post_tag","embeddable":true,"href":"https:\/\/udcas.pt\/site\/wp-json\/wp\/v2\/tags?post=855"}],"curies":[{"name":"wp","href":"https:\/\/api.w.org\/{rel}","templated":true}]}}